{"id":11028,"date":"2012-08-20T15:37:06","date_gmt":"2012-08-20T18:37:06","guid":{"rendered":"http:\/\/www.maroon5br.com\/?p=11028"},"modified":"2012-08-20T15:38:33","modified_gmt":"2012-08-20T18:38:33","slug":"maroon-5-participa-de-acao-voluntaria-no-mexico","status":"publish","type":"post","link":"https:\/\/www.maroon5br.com\/site\/2012\/08\/20\/maroon-5-participa-de-acao-voluntaria-no-mexico\/","title":{"rendered":"Maroon 5 participa de a\u00e7\u00e3o volunt\u00e1ria no M\u00e9xico"},"content":{"rendered":"<p style=\"text-align: center;\"><img decoding=\"async\" src=\"https:\/\/www.maroon5br.com\/site\/galeria\/albums\/userpics\/10001\/394553_454812644541722_930256316_n.jpeg\" alt=\"\" width=\"550\" \/><\/p>\n<p>O Maroon 5 aproveitou sua estadia no M\u00e9xico para fazer a diferen\u00e7a. Como parte do projeto <strong>&#8220;Tiempo de Compartir&#8221;<\/strong>, a banda esteve na escola prim\u00e1ria <strong>Luis Castillo Ledon,<\/strong> onde fizeram trabalho volunt\u00e1rio e pintaram uma parede.<\/p>\n<p>Mais tarde, <strong>2 mil <\/strong>volunt\u00e1rios do programa, que \u00e9 patrocinado pela Buchanan&#8217;s, tiveram a oportunidade de assistir, de gra\u00e7a, a um show exclusivo da <strong>Overexposed World Tour<\/strong>, que aconteceu no <strong>El Plaza Condesa<\/strong>.<\/p>\n<p><strong>Fotos da a\u00e7\u00e3o volunt\u00e1ria:<\/strong><\/p>\n<blockquote>\n<p style=\"text-align: center;\">[cpg_albumnew:720,5]<\/p>\n<p style=\"text-align: center;\"><a href=\"https:\/\/www.maroon5br.com\/site\/galeria\/thumbnails.php?album=720\">Veja o \u00e1lbum completo na galeria.<\/a><\/p>\n<\/blockquote>\n<p><strong>Show:<\/strong><\/p>\n<blockquote>\n<p style=\"text-align: center;\">[cpg_albumnew:721,5]<\/p>\n<p style=\"text-align: center;\"><a href=\"https:\/\/www.maroon5br.com\/site\/galeria\/thumbnails.php?album=721\">Veja o \u00e1lbum completo na galeria.<\/a><\/p>\n<\/blockquote>\n","protected":false},"excerpt":{"rendered":"<p>O Maroon 5 aproveitou sua estadia no M\u00e9xico para fazer a diferen\u00e7a. Como parte do projeto &#8220;Tiempo de Compartir&#8221;, a banda esteve na escola prim\u00e1ria Luis Castillo Ledon, onde fizeram trabalho volunt\u00e1rio e pintaram uma parede. Mais tarde, 2 mil volunt\u00e1rios do programa, que \u00e9 patrocinado pela Buchanan&#8217;s, tiveram a oportunidade de assistir, de gra\u00e7a, [&hellip;]<\/p>\n","protected":false},"author":1,"featured_media":0,"comment_status":"open","ping_status":"open","sticky":false,"template":"","format":"standard","meta":{"_themeisle_gutenberg_block_has_review":false,"footnotes":""},"categories":[11,663],"tags":[733,732],"class_list":["post-11028","post","type-post","status-publish","format-standard","hentry","category-noticias","category-overexposed-world-tour-2","tag-buchanans","tag-voluntariado"],"_links":{"self":[{"href":"https:\/\/www.maroon5br.com\/site\/wp-json\/wp\/v2\/posts\/11028","targetHints":{"allow":["GET"]}}],"collection":[{"href":"https:\/\/www.maroon5br.com\/site\/wp-json\/wp\/v2\/posts"}],"about":[{"href":"https:\/\/www.maroon5br.com\/site\/wp-json\/wp\/v2\/types\/post"}],"author":[{"embeddable":true,"href":"https:\/\/www.maroon5br.com\/site\/wp-json\/wp\/v2\/users\/1"}],"replies":[{"embeddable":true,"href":"https:\/\/www.maroon5br.com\/site\/wp-json\/wp\/v2\/comments?post=11028"}],"version-history":[{"count":4,"href":"https:\/\/www.maroon5br.com\/site\/wp-json\/wp\/v2\/posts\/11028\/revisions"}],"predecessor-version":[{"id":11031,"href":"https:\/\/www.maroon5br.com\/site\/wp-json\/wp\/v2\/posts\/11028\/revisions\/11031"}],"wp:attachment":[{"href":"https:\/\/www.maroon5br.com\/site\/wp-json\/wp\/v2\/media?parent=11028"}],"wp:term":[{"taxonomy":"category","embeddable":true,"href":"https:\/\/www.maroon5br.com\/site\/wp-json\/wp\/v2\/categories?post=11028"},{"taxonomy":"post_tag","embeddable":true,"href":"https:\/\/www.maroon5br.com\/site\/wp-json\/wp\/v2\/tags?post=11028"}],"curies":[{"name":"wp","href":"https:\/\/api.w.org\/{rel}","templated":true}]}}