{"id":11476,"date":"2012-09-18T10:47:56","date_gmt":"2012-09-18T13:47:56","guid":{"rendered":"http:\/\/www.maroon5br.com\/?p=11476"},"modified":"2012-09-18T10:47:56","modified_gmt":"2012-09-18T13:47:56","slug":"the-voice-usher-e-shakira-entram-na-4a-temporada","status":"publish","type":"post","link":"https:\/\/www.maroon5br.com\/site\/2012\/09\/18\/the-voice-usher-e-shakira-entram-na-4a-temporada\/","title":{"rendered":"The Voice: Usher e Shakira entram na 4\u00aa temporada"},"content":{"rendered":"<p style=\"text-align: center;\"><img decoding=\"async\" src=\"http:\/\/instinctmagazine.com\/images\/stories\/blogs\/ncampbell\/shakira-usher2.jpg\" alt=\"\" width=\"550\" \/><\/p>\n<p>Nem bem come\u00e7ou a terceira temporada, e o <a href=\"http:\/\/insidetv.ew.com\/2012\/09\/17\/the-voice-usher-shakira\/\"><strong>The Voice<\/strong><\/a> j\u00e1 anunciou mudan\u00e7as para a pr\u00f3xima, que deve come\u00e7ar no in\u00edcio de 2013. A primeira grande mudan\u00e7a \u00e9 no painel de mentores: <strong>Usher<\/strong> e<strong> Shakira<\/strong> foram confirmados ontem para substituir <strong>Cee Lo Green<\/strong> e <strong>Christina Aguilera<\/strong>, que ir\u00e3o focar em seus projetos musicais e devem voltar apenas na 5\u00aa temporada do programa, em Setembro do ano que vem. <strong>Mark Burnett<\/strong>, produtor do programa, comentou que os mentores atuais tem espa\u00e7o vital\u00edcio nas cadeiras girat\u00f3rias, e que <em><strong>\u201cdepois de 3 temporadas, temos que permitir que eles fa\u00e7am rod\u00edzio para que possam ir para a estrada com os f\u00e3s\u201d<\/strong><\/em>. J\u00e1 Blake Shelton e Adam Levine continuam na pr\u00f3xima temporada.<\/p>\n","protected":false},"excerpt":{"rendered":"<p>Nem bem come\u00e7ou a terceira temporada, e o The Voice j\u00e1 anunciou mudan\u00e7as para a pr\u00f3xima, que deve come\u00e7ar no in\u00edcio de 2013. A primeira grande mudan\u00e7a \u00e9 no painel de mentores: Usher e Shakira foram confirmados ontem para substituir Cee Lo Green e Christina Aguilera, que ir\u00e3o focar em seus projetos musicais e devem [&hellip;]<\/p>\n","protected":false},"author":1,"featured_media":0,"comment_status":"open","ping_status":"open","sticky":false,"template":"","format":"standard","meta":{"_themeisle_gutenberg_block_has_review":false,"footnotes":""},"categories":[11,67],"tags":[1260,115,105,757,1284,758],"class_list":["post-11476","post","type-post","status-publish","format-standard","hentry","category-noticias","category-the-voice","tag-adam-levine","tag-blake-shelton","tag-nbc","tag-shakira","tag-the-voice-4a-temporada","tag-usher"],"_links":{"self":[{"href":"https:\/\/www.maroon5br.com\/site\/wp-json\/wp\/v2\/posts\/11476","targetHints":{"allow":["GET"]}}],"collection":[{"href":"https:\/\/www.maroon5br.com\/site\/wp-json\/wp\/v2\/posts"}],"about":[{"href":"https:\/\/www.maroon5br.com\/site\/wp-json\/wp\/v2\/types\/post"}],"author":[{"embeddable":true,"href":"https:\/\/www.maroon5br.com\/site\/wp-json\/wp\/v2\/users\/1"}],"replies":[{"embeddable":true,"href":"https:\/\/www.maroon5br.com\/site\/wp-json\/wp\/v2\/comments?post=11476"}],"version-history":[{"count":3,"href":"https:\/\/www.maroon5br.com\/site\/wp-json\/wp\/v2\/posts\/11476\/revisions"}],"predecessor-version":[{"id":11479,"href":"https:\/\/www.maroon5br.com\/site\/wp-json\/wp\/v2\/posts\/11476\/revisions\/11479"}],"wp:attachment":[{"href":"https:\/\/www.maroon5br.com\/site\/wp-json\/wp\/v2\/media?parent=11476"}],"wp:term":[{"taxonomy":"category","embeddable":true,"href":"https:\/\/www.maroon5br.com\/site\/wp-json\/wp\/v2\/categories?post=11476"},{"taxonomy":"post_tag","embeddable":true,"href":"https:\/\/www.maroon5br.com\/site\/wp-json\/wp\/v2\/tags?post=11476"}],"curies":[{"name":"wp","href":"https:\/\/api.w.org\/{rel}","templated":true}]}}