{"id":13400,"date":"2013-03-07T18:35:50","date_gmt":"2013-03-07T21:35:50","guid":{"rendered":"http:\/\/www.maroon5br.com\/?p=13400"},"modified":"2013-03-07T18:49:30","modified_gmt":"2013-03-07T21:49:30","slug":"luto-frankie-a-golden-retriever-de-adam-levine-faleceu-nesta-quinta-feira","status":"publish","type":"post","link":"https:\/\/www.maroon5br.com\/site\/2013\/03\/07\/luto-frankie-a-golden-retriever-de-adam-levine-faleceu-nesta-quinta-feira\/","title":{"rendered":"Luto: Frankie, a golden retriever de Adam Levine, faleceu nesta quinta-feira"},"content":{"rendered":"<p>A tarde est\u00e1 um pouco mais triste para os Marooners. <strong>Savannah Buffett<\/strong>, compositora e amiga pessoal da banda, postou em seu perfil no Instagram duas notas tristes a respeito do falecimento de Frankie, a famosa e amada golden retriever de Adam Levine. Segundo algumas fontes, Frankie estava doente desde o m\u00eas passado, e agora descansou.<\/p>\n<p style=\"text-align: center;\"><img decoding=\"async\" alt=\"\" src=\"http:\/\/distilleryimage10.s3.amazonaws.com\/33098920874a11e2965422000a9f18cc_7.jpg\" width=\"550\" \/><\/p>\n<blockquote><p>Uma das minhas coisas favoritas no mundo era acordar com essa garota aos meus p\u00e9s. At\u00e9 mais, doce Frankie!!!<\/p><\/blockquote>\n<p style=\"text-align: center;\"><img decoding=\"async\" alt=\"\" src=\"http:\/\/distilleryimage8.s3.amazonaws.com\/7f25c8aa874a11e299a722000a9d0ee0_7.jpg\" width=\"550\" \/><\/p>\n<blockquote><p>Eu consegui passar meu \u00faltimo anivers\u00e1rio na piscina com nossa querida Frankie. Os meninos perderam um grande membro do cl\u00e3 hoje. Eu sempre lembrarei do sorriso dela. \u00c9 assim que deveria ser!!!<\/p><\/blockquote>\n<p>Enquanto maiores informa\u00e7\u00f5es ainda n\u00e3o foram divulgadas, fica aqui declarado o nosso estado de Luto.<\/p>\n","protected":false},"excerpt":{"rendered":"<p>A tarde est\u00e1 um pouco mais triste para os Marooners. Savannah Buffett, compositora e amiga pessoal da banda, postou em seu perfil no Instagram duas notas tristes a respeito do falecimento de Frankie, a famosa e amada golden retriever de Adam Levine. Segundo algumas fontes, Frankie estava doente desde o m\u00eas passado, e agora descansou. [&hellip;]<\/p>\n","protected":false},"author":1,"featured_media":0,"comment_status":"open","ping_status":"open","sticky":false,"template":"","format":"standard","meta":{"_themeisle_gutenberg_block_has_review":false,"footnotes":""},"categories":[11],"tags":[1260,872],"class_list":["post-13400","post","type-post","status-publish","format-standard","hentry","category-noticias","tag-adam-levine","tag-frankie"],"_links":{"self":[{"href":"https:\/\/www.maroon5br.com\/site\/wp-json\/wp\/v2\/posts\/13400","targetHints":{"allow":["GET"]}}],"collection":[{"href":"https:\/\/www.maroon5br.com\/site\/wp-json\/wp\/v2\/posts"}],"about":[{"href":"https:\/\/www.maroon5br.com\/site\/wp-json\/wp\/v2\/types\/post"}],"author":[{"embeddable":true,"href":"https:\/\/www.maroon5br.com\/site\/wp-json\/wp\/v2\/users\/1"}],"replies":[{"embeddable":true,"href":"https:\/\/www.maroon5br.com\/site\/wp-json\/wp\/v2\/comments?post=13400"}],"version-history":[{"count":7,"href":"https:\/\/www.maroon5br.com\/site\/wp-json\/wp\/v2\/posts\/13400\/revisions"}],"predecessor-version":[{"id":13407,"href":"https:\/\/www.maroon5br.com\/site\/wp-json\/wp\/v2\/posts\/13400\/revisions\/13407"}],"wp:attachment":[{"href":"https:\/\/www.maroon5br.com\/site\/wp-json\/wp\/v2\/media?parent=13400"}],"wp:term":[{"taxonomy":"category","embeddable":true,"href":"https:\/\/www.maroon5br.com\/site\/wp-json\/wp\/v2\/categories?post=13400"},{"taxonomy":"post_tag","embeddable":true,"href":"https:\/\/www.maroon5br.com\/site\/wp-json\/wp\/v2\/tags?post=13400"}],"curies":[{"name":"wp","href":"https:\/\/api.w.org\/{rel}","templated":true}]}}