{"id":22015,"date":"2017-03-28T20:28:17","date_gmt":"2017-03-28T23:28:17","guid":{"rendered":"http:\/\/www.maroon5br.com\/?p=22015"},"modified":"2017-03-28T20:29:42","modified_gmt":"2017-03-28T23:29:42","slug":"adam-levine-anuncia-novo-filme-the-clapper","status":"publish","type":"post","link":"https:\/\/www.maroon5br.com\/site\/2017\/03\/28\/adam-levine-anuncia-novo-filme-the-clapper\/","title":{"rendered":"Adam Levine anuncia novo filme, &#8220;The Clapper&#8221;"},"content":{"rendered":"<p>Tem filme novo com Adam Levine chegando a\u00ed! The Clapper, filme do diretor Ditto Montiel, \u00e9 uma com\u00e9dia inspirada no livro hom\u00f4nimo de Milton Rokeach. O elenco do filme, que ainda n\u00e3o tem previs\u00e3o de estreia no Brasil, conta com Amanda Seyfried, Ed Helms, Tracy Morgan, Leah Remini, Russell Peters, P.J. Byrne e Mickey Gooch Jr.<\/p>\n<p>O enredo do filme gira em torno de Eddie Krumble (Helms), a um participante de Infomerciais que \u00e9 convidado por um apresentador de Talk Show para ser um dos entrevistados. Seus 15 minutos de fama acabam custando o seu emprego e tamb\u00e9m o seu relacionamento com uma frentista. Adam Levine interpretar\u00e1 o produtor Ralph Ranter, respons\u00e1vel pelo talk show de Jayme Stillerman (Russell Peters) e que acaba arruinando a vida de Krumble.<\/p>\n<p>A estreia do filme est\u00e1 marcada para acontecer durante o Tribeca Film Festival, que acontece a partir do dia 19 de Abril. Os ingressos j\u00e1 est\u00e3o \u00e0 venda!<\/p>\n<p><iframe loading=\"lazy\" src=\"https:\/\/www.facebook.com\/plugins\/video.php?href=https%3A%2F%2Fwww.facebook.com%2FOfficialAdamLevine%2Fvideos%2F823188717832084%2F&#038;show_text=0&#038;width=400\" width=\"400\" height=\"400\" style=\"border:none;overflow:hidden\" scrolling=\"no\" frameborder=\"0\" allowTransparency=\"true\" allowFullScreen=\"true\"><\/iframe><\/p>\n","protected":false},"excerpt":{"rendered":"<p>Tem filme novo com Adam Levine chegando a\u00ed! The Clapper, filme do diretor Ditto Montiel, \u00e9 uma com\u00e9dia inspirada no livro hom\u00f4nimo de Milton Rokeach. O elenco do filme, que ainda n\u00e3o tem previs\u00e3o de estreia no Brasil, conta com Amanda Seyfried, Ed Helms, Tracy Morgan, Leah Remini, Russell Peters, P.J. Byrne e Mickey Gooch [&hellip;]<\/p>\n","protected":false},"author":1,"featured_media":21704,"comment_status":"open","ping_status":"open","sticky":false,"template":"","format":"standard","meta":{"_themeisle_gutenberg_block_has_review":false,"footnotes":""},"categories":[18,11,23],"tags":[1260,1411],"class_list":["post-22015","post","type-post","status-publish","format-standard","has-post-thumbnail","hentry","category-adam-levine","category-noticias","category-videos","tag-adam-levine","tag-the-clapper"],"_links":{"self":[{"href":"https:\/\/www.maroon5br.com\/site\/wp-json\/wp\/v2\/posts\/22015","targetHints":{"allow":["GET"]}}],"collection":[{"href":"https:\/\/www.maroon5br.com\/site\/wp-json\/wp\/v2\/posts"}],"about":[{"href":"https:\/\/www.maroon5br.com\/site\/wp-json\/wp\/v2\/types\/post"}],"author":[{"embeddable":true,"href":"https:\/\/www.maroon5br.com\/site\/wp-json\/wp\/v2\/users\/1"}],"replies":[{"embeddable":true,"href":"https:\/\/www.maroon5br.com\/site\/wp-json\/wp\/v2\/comments?post=22015"}],"version-history":[{"count":2,"href":"https:\/\/www.maroon5br.com\/site\/wp-json\/wp\/v2\/posts\/22015\/revisions"}],"predecessor-version":[{"id":22017,"href":"https:\/\/www.maroon5br.com\/site\/wp-json\/wp\/v2\/posts\/22015\/revisions\/22017"}],"wp:featuredmedia":[{"embeddable":true,"href":"https:\/\/www.maroon5br.com\/site\/wp-json\/wp\/v2\/media\/21704"}],"wp:attachment":[{"href":"https:\/\/www.maroon5br.com\/site\/wp-json\/wp\/v2\/media?parent=22015"}],"wp:term":[{"taxonomy":"category","embeddable":true,"href":"https:\/\/www.maroon5br.com\/site\/wp-json\/wp\/v2\/categories?post=22015"},{"taxonomy":"post_tag","embeddable":true,"href":"https:\/\/www.maroon5br.com\/site\/wp-json\/wp\/v2\/tags?post=22015"}],"curies":[{"name":"wp","href":"https:\/\/api.w.org\/{rel}","templated":true}]}}