{"id":23777,"date":"2017-12-15T17:49:37","date_gmt":"2017-12-15T20:49:37","guid":{"rendered":"http:\/\/www.maroon5br.com\/?p=23777"},"modified":"2017-12-15T17:49:37","modified_gmt":"2017-12-15T20:49:37","slug":"revelados-poster-trailer-e-lancamento-do-filme-the-clapper","status":"publish","type":"post","link":"https:\/\/www.maroon5br.com\/site\/2017\/12\/15\/revelados-poster-trailer-e-lancamento-do-filme-the-clapper\/","title":{"rendered":"Revelados p\u00f4ster, trailer e lan\u00e7amento do filme &#8220;The Clapper&#8221;!"},"content":{"rendered":"<p>Adam Levine revelou, nesta quinta, o p\u00f4ster oficial de divulga\u00e7\u00e3o do filme &#8220;The Clapper&#8221;, que chega aos cinemas americanos em 26 de Janeiro. O longa, dirigido por Dito Montiel, \u00e9 baseado no livro de Milton Rokeach e conta com um elenco de peso com Amanda Seyfried, Ed Helms, Tracy Morgan, Leah Remini, Russell Peters, P.J. Byrne e Mickey Gooch Jr.<\/p>\n<p>O filme conta a hist\u00f3ria de Eddie Krumble (Helms), a um participante de infomerciais que \u00e9 convidado por um apresentador de Talk Show para ser um dos entrevistados. Seus 15 minutos de fama acabam custando o seu emprego e tamb\u00e9m o seu relacionamento com uma frentista. Adam Levine interpretar\u00e1 o produtor Ralph Ranter, respons\u00e1vel pelo talk show de Jayme Stillerman (Russell Peters) e que acaba arruinando a vida de Krumble.<\/p>\n<div class=\"fve-video-wrapper fve-image-embed fve-thumbnail-image youtube\" style=\"padding-bottom:75%;\">\n    <iframe loading=\"lazy\" src=\"\/\/www.youtube.com\/embed\/NokJWOQTISo?wmode=transparent&#038;modestbranding=1&#038;autohide=1&#038;showinfo=0&#038;rel=0\" width=\"100%\" height=\"100%\" frameborder=\"0\" webkitAllowFullScreen mozallowfullscreen allowFullScreen><\/iframe>    <\/div>\n<p><img loading=\"lazy\" decoding=\"async\" class=\"alignnone size-full wp-image-23778\" src=\"https:\/\/www.maroon5br.com\/site\/wp-content\/uploads\/2017\/12\/TheClapper-Poster.jpg\" alt=\"\" width=\"648\" height=\"960\" data-id=\"23778\" srcset=\"https:\/\/www.maroon5br.com\/site\/wp-content\/uploads\/2017\/12\/TheClapper-Poster.jpg 648w, https:\/\/www.maroon5br.com\/site\/wp-content\/uploads\/2017\/12\/TheClapper-Poster-101x150.jpg 101w, https:\/\/www.maroon5br.com\/site\/wp-content\/uploads\/2017\/12\/TheClapper-Poster-203x300.jpg 203w, https:\/\/www.maroon5br.com\/site\/wp-content\/uploads\/2017\/12\/TheClapper-Poster-257x380.jpg 257w\" sizes=\"auto, (max-width: 648px) 100vw, 648px\" \/><\/p>\n","protected":false},"excerpt":{"rendered":"<p>Adam Levine revelou, nesta quinta, o p\u00f4ster oficial de divulga\u00e7\u00e3o do filme &#8220;The Clapper&#8221;, que chega aos cinemas americanos em 26 de Janeiro. O longa, dirigido por Dito Montiel, \u00e9 baseado no livro de Milton Rokeach e conta com um elenco de peso com Amanda Seyfried, Ed Helms, Tracy Morgan, Leah Remini, Russell Peters, P.J. [&hellip;]<\/p>\n","protected":false},"author":1,"featured_media":23778,"comment_status":"open","ping_status":"open","sticky":false,"template":"","format":"standard","meta":{"_themeisle_gutenberg_block_has_review":false,"footnotes":""},"categories":[18,22,11,23],"tags":[1260,615,1411,1262],"class_list":["post-23777","post","type-post","status-publish","format-standard","has-post-thumbnail","hentry","category-adam-levine","category-fotos","category-noticias","category-videos","tag-adam-levine","tag-fotos-2","tag-the-clapper","tag-videos"],"_links":{"self":[{"href":"https:\/\/www.maroon5br.com\/site\/wp-json\/wp\/v2\/posts\/23777","targetHints":{"allow":["GET"]}}],"collection":[{"href":"https:\/\/www.maroon5br.com\/site\/wp-json\/wp\/v2\/posts"}],"about":[{"href":"https:\/\/www.maroon5br.com\/site\/wp-json\/wp\/v2\/types\/post"}],"author":[{"embeddable":true,"href":"https:\/\/www.maroon5br.com\/site\/wp-json\/wp\/v2\/users\/1"}],"replies":[{"embeddable":true,"href":"https:\/\/www.maroon5br.com\/site\/wp-json\/wp\/v2\/comments?post=23777"}],"version-history":[{"count":1,"href":"https:\/\/www.maroon5br.com\/site\/wp-json\/wp\/v2\/posts\/23777\/revisions"}],"predecessor-version":[{"id":23779,"href":"https:\/\/www.maroon5br.com\/site\/wp-json\/wp\/v2\/posts\/23777\/revisions\/23779"}],"wp:featuredmedia":[{"embeddable":true,"href":"https:\/\/www.maroon5br.com\/site\/wp-json\/wp\/v2\/media\/23778"}],"wp:attachment":[{"href":"https:\/\/www.maroon5br.com\/site\/wp-json\/wp\/v2\/media?parent=23777"}],"wp:term":[{"taxonomy":"category","embeddable":true,"href":"https:\/\/www.maroon5br.com\/site\/wp-json\/wp\/v2\/categories?post=23777"},{"taxonomy":"post_tag","embeddable":true,"href":"https:\/\/www.maroon5br.com\/site\/wp-json\/wp\/v2\/tags?post=23777"}],"curies":[{"name":"wp","href":"https:\/\/api.w.org\/{rel}","templated":true}]}}