{"id":2989,"date":"2009-01-28T12:57:46","date_gmt":"2009-01-28T15:57:46","guid":{"rendered":"1233158266"},"modified":"2009-02-04T10:51:12","modified_gmt":"2009-02-04T13:51:12","slug":"maroon-5-em-projeto-operation-aloha","status":"publish","type":"post","link":"https:\/\/www.maroon5br.com\/site\/2009\/01\/28\/maroon-5-em-projeto-operation-aloha\/","title":{"rendered":"Maroon 5 em projeto &#8220;Operation Aloha&#8221;"},"content":{"rendered":"<p>Membros de bandas como <strong>Maroon 5<\/strong> e Gomez se uniram para gravar um disco \u2018inspirado pela tranq\u00fcilidade, liberdade e esp\u00edrito do Hava\u00ed\u2019.<\/p>\n<p>Os m\u00fasicos chamaram o projeto de <strong>Operation Aloha<\/strong> e o disco e estr\u00e9ia deve ser lan\u00e7ado no dia 12 de maio.<\/p>\n<p>A grava\u00e7\u00e3o do \u00e1lbum aconteceu em Maui e levou 30 dias par ser finalizada. Confira abaixo a escala\u00e7\u00e3o do supergrupo:<\/p>\n<p>James Valentine (Maroon 5)<br \/>\nJesse Carmichael (Maroon 5)<br \/>\nDajon Everett (Gomez)<br \/>\nIan Ball (Gomez)<br \/>\nOlly Peacock (Gomez)<br \/>\nSam Farrar (Phantom Planet)<br \/>\nChristopher Wray-McCann<br \/>\nCharles Danek<br \/>\nFil Krohnengold (All Spots To Black)<br \/>\nMathew Chaney<br \/>\nMaureen Wray-McCann<br \/>\nNadav Kahn (Kahn Brothers)<br \/>\nSaam Gabbay<br \/>\nWill Nash<\/p>\n<p><span style=\"font-weight: bold;\">Fonte:<\/span> Enter Magazine<\/p>\n<p><span style=\"font-weight: bold;\">UPDATE:<\/span> Ou\u00e7a abaixo o \u00e1lbum do projeto:<\/p>\n<p><object width=\"180\" height=\"300\" data=\"http:\/\/cache.reverbnation.com\/widgets\/swf\/28\/blog_player.swf?emailPlaylist=artist_323733&amp;backgroundcolor=EEEEEE&amp;font_color=000000&amp;posted_by=artist_323733&amp;shuffle=&amp;autoPlay=false\" type=\"application\/x-shockwave-flash\"><param name=\"src\" value=\"http:\/\/cache.reverbnation.com\/widgets\/swf\/28\/blog_player.swf?emailPlaylist=artist_323733&amp;backgroundcolor=EEEEEE&amp;font_color=000000&amp;posted_by=artist_323733&amp;shuffle=&amp;autoPlay=false\" \/><\/object><\/p>\n","protected":false},"excerpt":{"rendered":"<p>Membros de bandas como Maroon 5 e Gomez se uniram para gravar um disco \u2018inspirado pela tranq\u00fcilidade, liberdade e esp\u00edrito do Hava\u00ed\u2019. Os m\u00fasicos chamaram o projeto de Operation Aloha e o disco e estr\u00e9ia deve ser lan\u00e7ado no dia 12 de maio. A grava\u00e7\u00e3o do \u00e1lbum aconteceu em Maui e levou 30 dias par [&hellip;]<\/p>\n","protected":false},"author":1,"featured_media":0,"comment_status":"open","ping_status":"open","sticky":false,"template":"","format":"standard","meta":{"_themeisle_gutenberg_block_has_review":false,"footnotes":""},"categories":[14,16,11,15,13],"tags":[],"class_list":["post-2989","post","type-post","status-publish","format-standard","hentry","category-james-valentine","category-jesse-carmichael","category-noticias","category-operation-aloha","category-projetos-paralelos"],"_links":{"self":[{"href":"https:\/\/www.maroon5br.com\/site\/wp-json\/wp\/v2\/posts\/2989","targetHints":{"allow":["GET"]}}],"collection":[{"href":"https:\/\/www.maroon5br.com\/site\/wp-json\/wp\/v2\/posts"}],"about":[{"href":"https:\/\/www.maroon5br.com\/site\/wp-json\/wp\/v2\/types\/post"}],"author":[{"embeddable":true,"href":"https:\/\/www.maroon5br.com\/site\/wp-json\/wp\/v2\/users\/1"}],"replies":[{"embeddable":true,"href":"https:\/\/www.maroon5br.com\/site\/wp-json\/wp\/v2\/comments?post=2989"}],"version-history":[{"count":3,"href":"https:\/\/www.maroon5br.com\/site\/wp-json\/wp\/v2\/posts\/2989\/revisions"}],"predecessor-version":[{"id":3983,"href":"https:\/\/www.maroon5br.com\/site\/wp-json\/wp\/v2\/posts\/2989\/revisions\/3983"}],"wp:attachment":[{"href":"https:\/\/www.maroon5br.com\/site\/wp-json\/wp\/v2\/media?parent=2989"}],"wp:term":[{"taxonomy":"category","embeddable":true,"href":"https:\/\/www.maroon5br.com\/site\/wp-json\/wp\/v2\/categories?post=2989"},{"taxonomy":"post_tag","embeddable":true,"href":"https:\/\/www.maroon5br.com\/site\/wp-json\/wp\/v2\/tags?post=2989"}],"curies":[{"name":"wp","href":"https:\/\/api.w.org\/{rel}","templated":true}]}}