{"id":3010,"date":"2009-01-11T08:37:22","date_gmt":"2009-01-11T11:37:22","guid":{"rendered":"1231673842"},"modified":"2009-01-11T08:37:22","modified_gmt":"2009-01-11T11:37:22","slug":"adam-visita-o-presidente-da-intel","status":"publish","type":"post","link":"https:\/\/www.maroon5br.com\/site\/2009\/01\/11\/adam-visita-o-presidente-da-intel\/","title":{"rendered":"Adam Visita o Presidente da Intel"},"content":{"rendered":"<div style=\"text-align: center;\"><a href=\"https:\/\/www.maroon5br.com\/site\/galeria\/thumbnails.php?album=311\"><img decoding=\"async\" src=\"https:\/\/www.maroon5br.com\/site\/galeria\/albums\/userpics\/10001\/normal_intel2.png\" style=\"border: none;\" alt=\"\" \/><\/a><\/div>\n<p>Adam se encontrou com o presidente da Intel, Craig Barrett no palco durante seu discurso hoje, na Consumer Electronics Show em Las Vegas. Adam estava l\u00e1 para apoiar o &#8220;The Small Things Challenge&#8221;, uma iniciativa que visa incentivar as pessoas a doar para campanhas como a Save the Children e Kiva.org.<\/p>\n<p><span style=\"font-style: italic;\">&#8220;Eu acho que n\u00f3s sentimos que \u00e9 nossa responsabilidade [contribuir]&#8221;<\/span>, disse Levine. <span style=\"font-style: italic;\">&#8220;Fomos agraciados com um lote de sucesso, o m\u00ednimo que podemos fazer \u00e9 ajudar, e fazer isso da melhor maneira poss\u00edvel.&#8221;<\/span><\/p>\n<p>Kiva.org \u00e9 capaz conectar os patrocindadores aos seus empres\u00e1rios nos pa\u00edses em desenvolvimento, para que \u2013 por exemplo &#8211; um simples vendedor aliment\u00edcio possa abrir uma quitanda, ou uma loja, o que significa mais postos de trabalho na aldeia, ou seja, um maior crescimento econ\u00f4mico para a sua comunidade&#8221;<br \/>Levine disse: &#8220;E essas pessoas n\u00e3o est\u00e3o \u00e0 procura somente de ajuda. Est\u00e3o procurando um caminho melhor para guiar suas vidas, e voc\u00ea pode ajudar.&#8221;<\/p>\n<p><span style=\"font-weight: bold;\">Fonte: <\/span>M5Blog \/ PC Mag<\/p>\n<p><span style=\"font-weight: bold;\">UPDATE: <\/span>Adicionamos imagens na galeria. Clique na imagem acima para acessar.<\/p>\n","protected":false},"excerpt":{"rendered":"<p>Adam se encontrou com o presidente da Intel, Craig Barrett no palco durante seu discurso hoje, na Consumer Electronics Show em Las Vegas. Adam estava l\u00e1 para apoiar o &#8220;The Small Things Challenge&#8221;, uma iniciativa que visa incentivar as pessoas a doar para campanhas como a Save the Children e Kiva.org. &#8220;Eu acho que n\u00f3s [&hellip;]<\/p>\n","protected":false},"author":1,"featured_media":0,"comment_status":"open","ping_status":"open","sticky":false,"template":"","format":"standard","meta":{"_themeisle_gutenberg_block_has_review":false,"footnotes":""},"categories":[11],"tags":[],"class_list":["post-3010","post","type-post","status-publish","format-standard","hentry","category-noticias"],"_links":{"self":[{"href":"https:\/\/www.maroon5br.com\/site\/wp-json\/wp\/v2\/posts\/3010","targetHints":{"allow":["GET"]}}],"collection":[{"href":"https:\/\/www.maroon5br.com\/site\/wp-json\/wp\/v2\/posts"}],"about":[{"href":"https:\/\/www.maroon5br.com\/site\/wp-json\/wp\/v2\/types\/post"}],"author":[{"embeddable":true,"href":"https:\/\/www.maroon5br.com\/site\/wp-json\/wp\/v2\/users\/1"}],"replies":[{"embeddable":true,"href":"https:\/\/www.maroon5br.com\/site\/wp-json\/wp\/v2\/comments?post=3010"}],"version-history":[{"count":0,"href":"https:\/\/www.maroon5br.com\/site\/wp-json\/wp\/v2\/posts\/3010\/revisions"}],"wp:attachment":[{"href":"https:\/\/www.maroon5br.com\/site\/wp-json\/wp\/v2\/media?parent=3010"}],"wp:term":[{"taxonomy":"category","embeddable":true,"href":"https:\/\/www.maroon5br.com\/site\/wp-json\/wp\/v2\/categories?post=3010"},{"taxonomy":"post_tag","embeddable":true,"href":"https:\/\/www.maroon5br.com\/site\/wp-json\/wp\/v2\/tags?post=3010"}],"curies":[{"name":"wp","href":"https:\/\/api.w.org\/{rel}","templated":true}]}}