{"id":3029,"date":"2008-12-11T07:54:04","date_gmt":"2008-12-11T10:54:04","guid":{"rendered":"1228992844"},"modified":"2008-12-11T07:54:04","modified_gmt":"2008-12-11T10:54:04","slug":"adam-levine-na-rolling-stone-brasil","status":"publish","type":"post","link":"https:\/\/www.maroon5br.com\/site\/2008\/12\/11\/adam-levine-na-rolling-stone-brasil\/","title":{"rendered":"Adam Levine na Rolling Stone Brasil"},"content":{"rendered":"<p>Confira um trecho de uma r\u00e1pida entrevista com o <span style=\"font-weight: bold;\">Adam Levine<\/span>, veiculada na edi\u00e7\u00e3o de <span style=\"font-weight: bold;\">Novembro<\/span> da <span style=\"font-weight: bold;\">Rolling Stone Brasil<\/span>. <\/p>\n<p><span style=\"font-weight: bold;\">R\u00e1pidas com&#8230; Adam Levine<\/span><br \/>Jos\u00e9 Julio do Espirito Santo<\/p>\n<p style=\"font-style: italic;\" class=\"olho\">O vocalista do Maroon 5 recorda o passado e prev\u00ea o futuro da banda<\/p>\n<p><b>A \u00e9poca do Kara&#8217;s Flowers<\/b><br \/>\n&#8220;Em 1995, quando come\u00e7amos, esse era o nome da banda [eles chegaram a<br \/>\nlan\u00e7ar um \u00e1lbum sob esse nome]. Est\u00e1vamos crescendo, e acho que quando<br \/>\nfi camos mais velhos os gostos mudaram. Passamos por v\u00e1rias fases, mas<br \/>\nn\u00e3o acho que isso rolou s\u00f3 porque fi quei exposto a novos tipos de<br \/>\nm\u00fasica. Fiquei mais ligado em R&#038;B, em Stevie Wonder, Al Green, Bill<br \/>\nWithers&#8230; Isso mudou minha percep\u00e7\u00e3o.&#8221;<\/p>\n<p><b>O pr\u00f3ximo \u00e1lbum<\/b><br \/>\n&#8220;Talvez daqui a um ano, o pr\u00f3ximo disco vai surgir. J\u00e1 compusemos<br \/>\nalgumas m\u00fasicas, mas vamos nos focar com toda for\u00e7a quando finalmente<br \/>\nn\u00e3o estivermos em turn\u00ea. Mas n\u00e3o sabemos como vai ser ainda.&#8221;<\/p>\n<p><span style=\"font-weight: bold;\">Fonte: <\/span><a href=\"http:\/\/www.rollingstone.com.br\/edicoes\/26\/textos\/3518\/\" target=\"_self\">Rolling Stone Brasil<\/a><\/p>\n","protected":false},"excerpt":{"rendered":"<p>Confira um trecho de uma r\u00e1pida entrevista com o Adam Levine, veiculada na edi\u00e7\u00e3o de Novembro da Rolling Stone Brasil. R\u00e1pidas com&#8230; Adam LevineJos\u00e9 Julio do Espirito Santo O vocalista do Maroon 5 recorda o passado e prev\u00ea o futuro da banda A \u00e9poca do Kara&#8217;s Flowers &#8220;Em 1995, quando come\u00e7amos, esse era o nome [&hellip;]<\/p>\n","protected":false},"author":1,"featured_media":0,"comment_status":"open","ping_status":"open","sticky":false,"template":"","format":"standard","meta":{"_themeisle_gutenberg_block_has_review":false,"footnotes":""},"categories":[11],"tags":[],"class_list":["post-3029","post","type-post","status-publish","format-standard","hentry","category-noticias"],"_links":{"self":[{"href":"https:\/\/www.maroon5br.com\/site\/wp-json\/wp\/v2\/posts\/3029","targetHints":{"allow":["GET"]}}],"collection":[{"href":"https:\/\/www.maroon5br.com\/site\/wp-json\/wp\/v2\/posts"}],"about":[{"href":"https:\/\/www.maroon5br.com\/site\/wp-json\/wp\/v2\/types\/post"}],"author":[{"embeddable":true,"href":"https:\/\/www.maroon5br.com\/site\/wp-json\/wp\/v2\/users\/1"}],"replies":[{"embeddable":true,"href":"https:\/\/www.maroon5br.com\/site\/wp-json\/wp\/v2\/comments?post=3029"}],"version-history":[{"count":0,"href":"https:\/\/www.maroon5br.com\/site\/wp-json\/wp\/v2\/posts\/3029\/revisions"}],"wp:attachment":[{"href":"https:\/\/www.maroon5br.com\/site\/wp-json\/wp\/v2\/media?parent=3029"}],"wp:term":[{"taxonomy":"category","embeddable":true,"href":"https:\/\/www.maroon5br.com\/site\/wp-json\/wp\/v2\/categories?post=3029"},{"taxonomy":"post_tag","embeddable":true,"href":"https:\/\/www.maroon5br.com\/site\/wp-json\/wp\/v2\/tags?post=3029"}],"curies":[{"name":"wp","href":"https:\/\/api.w.org\/{rel}","templated":true}]}}