{"id":3058,"date":"2008-11-17T14:51:04","date_gmt":"2008-11-17T17:51:04","guid":{"rendered":"1226944264"},"modified":"2009-01-31T11:41:11","modified_gmt":"2009-01-31T14:41:11","slug":"video-jesse-falando-sobre-show-no-brasil","status":"publish","type":"post","link":"https:\/\/www.maroon5br.com\/site\/2008\/11\/17\/video-jesse-falando-sobre-show-no-brasil\/","title":{"rendered":"V\u00eddeo: Jesse falando sobre show no Brasil"},"content":{"rendered":"<p>Confiram abaixo um v\u00eddeo de uma entrevista com o<span style=\"font-weight: bold;\"> Jesse<\/span> no <span style=\"font-weight: bold;\">Play TV<\/span>, exibido no dia 13\/11,<span style=\"font-weight: bold;\"> <\/span>onde ele fala sobre o<span style=\"font-weight: bold;\"> \u00e1lbum<\/span>, a sa\u00edda do<span style=\"font-weight: bold;\"> Ryan<\/span> e <span style=\"font-weight: bold;\">os shows no Brasil<\/span>. E ele avisa:<span style=\"font-weight: bold;\"> O Maroon 5 vai voltar!<\/span><\/p>\n<div style=\"text-align: center;\"><object width=\"425\" height=\"344\"><param name=\"movie\" value=\"http:\/\/www.youtube.com\/v\/JdoxIgmYLc4\"><\/param><param name=\"allowFullScreen\" value=\"true\"><\/param><embed src=\"http:\/\/www.youtube.com\/v\/JdoxIgmYLc4\" type=\"application\/x-shockwave-flash\" allowfullscreen=\"true\" width=\"425\" height=\"344\"><\/embed><\/object><\/p>\n<div style=\"text-align: left;\"><span style=\"font-style: italic;\">Agradecimentos \u00e0 Aline Vidal pelo material. Valeu!<\/span><\/div>\n<\/div>\n","protected":false},"excerpt":{"rendered":"<p>Confiram abaixo um v\u00eddeo de uma entrevista com o Jesse no Play TV, exibido no dia 13\/11, onde ele fala sobre o \u00e1lbum, a sa\u00edda do Ryan e os shows no Brasil. E ele avisa: O Maroon 5 vai voltar! Agradecimentos \u00e0 Aline Vidal pelo material. Valeu!<\/p>\n","protected":false},"author":1,"featured_media":0,"comment_status":"open","ping_status":"open","sticky":false,"template":"","format":"standard","meta":{"_themeisle_gutenberg_block_has_review":false,"footnotes":""},"categories":[1,11],"tags":[],"class_list":["post-3058","post","type-post","status-publish","format-standard","hentry","category-maroon-5-no-brasil","category-noticias"],"_links":{"self":[{"href":"https:\/\/www.maroon5br.com\/site\/wp-json\/wp\/v2\/posts\/3058","targetHints":{"allow":["GET"]}}],"collection":[{"href":"https:\/\/www.maroon5br.com\/site\/wp-json\/wp\/v2\/posts"}],"about":[{"href":"https:\/\/www.maroon5br.com\/site\/wp-json\/wp\/v2\/types\/post"}],"author":[{"embeddable":true,"href":"https:\/\/www.maroon5br.com\/site\/wp-json\/wp\/v2\/users\/1"}],"replies":[{"embeddable":true,"href":"https:\/\/www.maroon5br.com\/site\/wp-json\/wp\/v2\/comments?post=3058"}],"version-history":[{"count":1,"href":"https:\/\/www.maroon5br.com\/site\/wp-json\/wp\/v2\/posts\/3058\/revisions"}],"predecessor-version":[{"id":3721,"href":"https:\/\/www.maroon5br.com\/site\/wp-json\/wp\/v2\/posts\/3058\/revisions\/3721"}],"wp:attachment":[{"href":"https:\/\/www.maroon5br.com\/site\/wp-json\/wp\/v2\/media?parent=3058"}],"wp:term":[{"taxonomy":"category","embeddable":true,"href":"https:\/\/www.maroon5br.com\/site\/wp-json\/wp\/v2\/categories?post=3058"},{"taxonomy":"post_tag","embeddable":true,"href":"https:\/\/www.maroon5br.com\/site\/wp-json\/wp\/v2\/tags?post=3058"}],"curies":[{"name":"wp","href":"https:\/\/api.w.org\/{rel}","templated":true}]}}