{"id":3064,"date":"2008-11-12T07:48:49","date_gmt":"2008-11-12T10:48:49","guid":{"rendered":"1226486929"},"modified":"2009-01-31T11:41:42","modified_gmt":"2009-01-31T14:41:42","slug":"adam-e-james-no-brasil","status":"publish","type":"post","link":"https:\/\/www.maroon5br.com\/site\/2008\/11\/12\/adam-e-james-no-brasil\/","title":{"rendered":"Adam e James no Brasil"},"content":{"rendered":"<p>Eu esbarrei nos meninos do Maroon 5 no s\u00e1bado a noite. Eles tamb\u00e9m estavam fora do pa\u00eds na turn\u00ea Sul Americana deles na noite de elei\u00e7\u00f5es. <span style=\"font-weight: bold;\">&#8220;Ficamos desapontados com isso,&#8221; <\/span>disse o vocalista <span style=\"font-weight: bold;\">Adam Levine<\/span> (na foto com <span style=\"font-weight: bold;\">Byrdie Bell<\/span> e o guitarrista <span style=\"font-weight: bold;\">James Valentine<\/span>).<span style=\"font-weight: bold;\"> &#8220;Mas depois, ficou legal estar no palco quando isso foi anunciado, e poder dizer isso para todo mundo no hotel.&#8221;<\/span> Disse Valentine, <span style=\"font-weight: bold;\">&#8220;Agora aquele foi um momento hist\u00f3rico para n\u00f3s.&#8221;<\/span><\/p>\n<p><span style=\"font-weight: bold;\">Fonte:<\/span> Style.com<\/p>\n","protected":false},"excerpt":{"rendered":"<p>Eu esbarrei nos meninos do Maroon 5 no s\u00e1bado a noite. Eles tamb\u00e9m estavam fora do pa\u00eds na turn\u00ea Sul Americana deles na noite de elei\u00e7\u00f5es. &#8220;Ficamos desapontados com isso,&#8221; disse o vocalista Adam Levine (na foto com Byrdie Bell e o guitarrista James Valentine). &#8220;Mas depois, ficou legal estar no palco quando isso foi [&hellip;]<\/p>\n","protected":false},"author":1,"featured_media":0,"comment_status":"open","ping_status":"open","sticky":false,"template":"","format":"standard","meta":{"_themeisle_gutenberg_block_has_review":false,"footnotes":""},"categories":[1,11],"tags":[],"class_list":["post-3064","post","type-post","status-publish","format-standard","hentry","category-maroon-5-no-brasil","category-noticias"],"_links":{"self":[{"href":"https:\/\/www.maroon5br.com\/site\/wp-json\/wp\/v2\/posts\/3064","targetHints":{"allow":["GET"]}}],"collection":[{"href":"https:\/\/www.maroon5br.com\/site\/wp-json\/wp\/v2\/posts"}],"about":[{"href":"https:\/\/www.maroon5br.com\/site\/wp-json\/wp\/v2\/types\/post"}],"author":[{"embeddable":true,"href":"https:\/\/www.maroon5br.com\/site\/wp-json\/wp\/v2\/users\/1"}],"replies":[{"embeddable":true,"href":"https:\/\/www.maroon5br.com\/site\/wp-json\/wp\/v2\/comments?post=3064"}],"version-history":[{"count":1,"href":"https:\/\/www.maroon5br.com\/site\/wp-json\/wp\/v2\/posts\/3064\/revisions"}],"predecessor-version":[{"id":3724,"href":"https:\/\/www.maroon5br.com\/site\/wp-json\/wp\/v2\/posts\/3064\/revisions\/3724"}],"wp:attachment":[{"href":"https:\/\/www.maroon5br.com\/site\/wp-json\/wp\/v2\/media?parent=3064"}],"wp:term":[{"taxonomy":"category","embeddable":true,"href":"https:\/\/www.maroon5br.com\/site\/wp-json\/wp\/v2\/categories?post=3064"},{"taxonomy":"post_tag","embeddable":true,"href":"https:\/\/www.maroon5br.com\/site\/wp-json\/wp\/v2\/tags?post=3064"}],"curies":[{"name":"wp","href":"https:\/\/api.w.org\/{rel}","templated":true}]}}