{"id":3069,"date":"2008-11-10T11:32:15","date_gmt":"2008-11-10T14:32:15","guid":{"rendered":"1226327535"},"modified":"2009-01-31T11:41:54","modified_gmt":"2009-01-31T14:41:54","slug":"fan-review-bh-0811-2","status":"publish","type":"post","link":"https:\/\/www.maroon5br.com\/site\/2008\/11\/10\/fan-review-bh-0811-2\/","title":{"rendered":"Fan Review: BH, 08\/11"},"content":{"rendered":"<p><span style=\"font-style: italic;\">Enviado por Paula Wardi. Valeu!<\/span><\/p>\n<p>?? Quando surgiram os primeiros rumores de que o Maroon 5 viria ao Brasil, eu n\u00e3o acreditei. Quando disseram que eles viriam em Belo Horizonte,eu ri da cara da pessoa que me contou.&#8221;At\u00e9 parece&#8230;Maroon 5 t\u00e3o perto de mim&#8221;.<\/p>\n<p>???? E foi o que aconteceu. Confesso que quando vi o outdoor anunciando o show do Maroon 5,chorei.Chorei de felicidade,de emo\u00e7\u00e3o e de saber que um dos meus maiores sonhos ia se realizar.E realizou.<\/p>\n<p>???? Eram 3 da tarde quando eu cheguei ao Mega Space com meu pai.Estava um dia lindo com muito sol,mesmo com toda a chuva que caiu por aqui durante a semana toda.Quando eu entrei no lugar do show,quase morri.<\/p>\n<p>???? Tive que esperar todas as bandas tocarem e quando deu meia-noite, vieram apresentar o Maroon 5. E os meninos entraram no palco,lindos como sempre,cantando This Love.<\/p>\n<p>???? Eu, sentada no ombro do meu pai, cantava e chorava demais. E quando o Adam veio para o lado que eu estava,eu fiz um cora\u00e7\u00e3o com a m\u00e3o para ele.Foi quando ele apontou para mim? e come\u00e7ou a cantar na minha dire\u00e7\u00e3o.N\u00e3o precisa nem falar n\u00e9?Foi o momento mais emocionante da minha vida.<\/p>\n<p>???? Depois disso, os meninos cantaram todos os seus hits e terminaram o show com Harder to Breathe. O Adam at\u00e9 arriscou umas palavras em portugu\u00eas e eles deixaram o palco.E deixaram a gente.Deixaram a gente com um brilho nos olhos,com um gostinho de quero mais,mas com a felicidade imensa de ter visto nossos \u00eddolos t\u00e3o de perto,de ter realizado um sonho.<\/p>\n","protected":false},"excerpt":{"rendered":"<p>Enviado por Paula Wardi. Valeu! ?? Quando surgiram os primeiros rumores de que o Maroon 5 viria ao Brasil, eu n\u00e3o acreditei. Quando disseram que eles viriam em Belo Horizonte,eu ri da cara da pessoa que me contou.&#8221;At\u00e9 parece&#8230;Maroon 5 t\u00e3o perto de mim&#8221;. ???? E foi o que aconteceu. Confesso que quando vi o [&hellip;]<\/p>\n","protected":false},"author":1,"featured_media":0,"comment_status":"open","ping_status":"open","sticky":false,"template":"","format":"standard","meta":{"_themeisle_gutenberg_block_has_review":false,"footnotes":""},"categories":[1,11],"tags":[],"class_list":["post-3069","post","type-post","status-publish","format-standard","hentry","category-maroon-5-no-brasil","category-noticias"],"_links":{"self":[{"href":"https:\/\/www.maroon5br.com\/site\/wp-json\/wp\/v2\/posts\/3069","targetHints":{"allow":["GET"]}}],"collection":[{"href":"https:\/\/www.maroon5br.com\/site\/wp-json\/wp\/v2\/posts"}],"about":[{"href":"https:\/\/www.maroon5br.com\/site\/wp-json\/wp\/v2\/types\/post"}],"author":[{"embeddable":true,"href":"https:\/\/www.maroon5br.com\/site\/wp-json\/wp\/v2\/users\/1"}],"replies":[{"embeddable":true,"href":"https:\/\/www.maroon5br.com\/site\/wp-json\/wp\/v2\/comments?post=3069"}],"version-history":[{"count":1,"href":"https:\/\/www.maroon5br.com\/site\/wp-json\/wp\/v2\/posts\/3069\/revisions"}],"predecessor-version":[{"id":3726,"href":"https:\/\/www.maroon5br.com\/site\/wp-json\/wp\/v2\/posts\/3069\/revisions\/3726"}],"wp:attachment":[{"href":"https:\/\/www.maroon5br.com\/site\/wp-json\/wp\/v2\/media?parent=3069"}],"wp:term":[{"taxonomy":"category","embeddable":true,"href":"https:\/\/www.maroon5br.com\/site\/wp-json\/wp\/v2\/categories?post=3069"},{"taxonomy":"post_tag","embeddable":true,"href":"https:\/\/www.maroon5br.com\/site\/wp-json\/wp\/v2\/tags?post=3069"}],"curies":[{"name":"wp","href":"https:\/\/api.w.org\/{rel}","templated":true}]}}