{"id":3070,"date":"2008-11-10T11:28:42","date_gmt":"2008-11-10T14:28:42","guid":{"rendered":"1226327322"},"modified":"2009-01-31T11:42:00","modified_gmt":"2009-01-31T14:42:00","slug":"revista-gloss-fico-feliz-que-eu-tenha-caido-de-bunda-em-sao-paulo","status":"publish","type":"post","link":"https:\/\/www.maroon5br.com\/site\/2008\/11\/10\/revista-gloss-fico-feliz-que-eu-tenha-caido-de-bunda-em-sao-paulo\/","title":{"rendered":"Revista Gloss: &#8220;Fico feliz que eu tenha ca\u00eddo de bunda em S\u00e3o Paulo&#8221;"},"content":{"rendered":"<h1 style=\"text-align: center;\"><font size=\"3\"><span style=\"font-weight: normal;\"><img decoding=\"async\" src=\"http:\/\/gloss.abril.com.br\/fwa\/imagem\/1226329177892_103.jpg\" style=\"border: none;\" alt=\"\" \/><\/span><\/font><br \/><\/h1>\n<h1><font size=\"3\">&#8220;Fico feliz que eu tenha ca\u00eddo de bunda em S\u00e3o Paulo&#8221;<br \/><\/font><font style=\"font-weight: normal;\" size=\"2\">Por<span style=\"font-style: italic;\"> Thiago Bronzatto? <\/span><\/font><br \/><\/h1>\n<p align=\"justify\">Casaizinhos abra\u00e7ados \u00e0 espera das m\u00fasicas &#8220;She Will be loved&#8221; e &#8220;This Love&#8221;. F\u00e3s gritando coladas (pelo suor, i\u00e9\u00e9\u00e9ca!) umas nas outras. C\u00e2meras digitais pro alto. Era um &#8220;domingo com cara de s\u00e1bado&#8221;, disse Adam Levine, vocalista da banda Maroon 5, que se apresentou no \u00faltimo domingo, 09, \u00e0s 21h, no Via Funchal, em S\u00e3o Paulo. <\/p>\n<p>Parecia tudo previs\u00edvel. Inclusive o setlist, que embalou o coro da plat\u00e9ia com &#8220;Makes Me Wonder&#8221; e &#8220;Sunday Morning&#8221;. At\u00e9 a camiseta da sele\u00e7\u00e3o brasileira de futebol, vestida por Adam, fez parte do roteiro clich\u00ea do show. Se n\u00e3o fosse pelo tombo do l\u00edder do grupo, que ficou ca\u00eddo no palco cantando &#8220;Wake Up Call&#8221;, a segunda apresenta\u00e7\u00e3o da banda no Brasil (a primeira foi em 2004) teria sido muito &#8220;Zorra Total&#8221;. Isto \u00e9, sem gra\u00e7a. <\/p>\n<p>&#8220;Voc\u00eas viram que eu ca\u00ed de bunda. Isso nunca me aconteceu antes. Mas fico feliz que eu tenha ca\u00eddo de bunda em S\u00e3o Paulo&#8221;, brincou o vocalista. Essa cena bizarra foi um show a parte, registrado por uma f\u00e3 r\u00e1pida no clique:<\/p>\n<div style=\"text-align: center;\"><embed src=\"http:\/\/www.youtube.com\/v\/Xm4iWetXKls&#038;hl=pt-br&#038;fs=1\" type=\"application\/x-shockwave-flash\" allowfullscreen=\"true\" allowscriptaccess=\"always\" width=\"330\" height=\"280\"><\/div>\n<p align=\"justify\">Veja uma galeria de fotos no site da revista clicando <a style=\"font-weight: bold;\" href=\"http:\/\/gloss.abril.com.br\/noticia\/cultura\/edicoes\/014\/show-maroon5-fotos.shtml\" target=\"_blank\">AQUI<\/a>.<\/p>\n<p><span style=\"font-weight: bold;\">Foto: <\/span>Mariana Mekbekian<br \/><span style=\"font-weight: bold;\">Fonte: <\/span><a href=\"http:\/\/gloss.abril.com.br\/blog\/20081110_lst_assunto_dia.shtml\" target=\"_self\">Revista Gloss<br \/><\/a><\/p>\n<p align=\"justify\"><span style=\"font-style: italic;\">Agradecimentos \u00e0 Fabiana Faria, pelo material<\/span>.            <\/p>\n","protected":false},"excerpt":{"rendered":"<p>&#8220;Fico feliz que eu tenha ca\u00eddo de bunda em S\u00e3o Paulo&#8221;Por Thiago Bronzatto? Casaizinhos abra\u00e7ados \u00e0 espera das m\u00fasicas &#8220;She Will be loved&#8221; e &#8220;This Love&#8221;. F\u00e3s gritando coladas (pelo suor, i\u00e9\u00e9\u00e9ca!) umas nas outras. C\u00e2meras digitais pro alto. Era um &#8220;domingo com cara de s\u00e1bado&#8221;, disse Adam Levine, vocalista da banda Maroon 5, que [&hellip;]<\/p>\n","protected":false},"author":1,"featured_media":0,"comment_status":"open","ping_status":"open","sticky":false,"template":"","format":"standard","meta":{"_themeisle_gutenberg_block_has_review":false,"footnotes":""},"categories":[1,11],"tags":[],"class_list":["post-3070","post","type-post","status-publish","format-standard","hentry","category-maroon-5-no-brasil","category-noticias"],"_links":{"self":[{"href":"https:\/\/www.maroon5br.com\/site\/wp-json\/wp\/v2\/posts\/3070","targetHints":{"allow":["GET"]}}],"collection":[{"href":"https:\/\/www.maroon5br.com\/site\/wp-json\/wp\/v2\/posts"}],"about":[{"href":"https:\/\/www.maroon5br.com\/site\/wp-json\/wp\/v2\/types\/post"}],"author":[{"embeddable":true,"href":"https:\/\/www.maroon5br.com\/site\/wp-json\/wp\/v2\/users\/1"}],"replies":[{"embeddable":true,"href":"https:\/\/www.maroon5br.com\/site\/wp-json\/wp\/v2\/comments?post=3070"}],"version-history":[{"count":1,"href":"https:\/\/www.maroon5br.com\/site\/wp-json\/wp\/v2\/posts\/3070\/revisions"}],"predecessor-version":[{"id":3727,"href":"https:\/\/www.maroon5br.com\/site\/wp-json\/wp\/v2\/posts\/3070\/revisions\/3727"}],"wp:attachment":[{"href":"https:\/\/www.maroon5br.com\/site\/wp-json\/wp\/v2\/media?parent=3070"}],"wp:term":[{"taxonomy":"category","embeddable":true,"href":"https:\/\/www.maroon5br.com\/site\/wp-json\/wp\/v2\/categories?post=3070"},{"taxonomy":"post_tag","embeddable":true,"href":"https:\/\/www.maroon5br.com\/site\/wp-json\/wp\/v2\/tags?post=3070"}],"curies":[{"name":"wp","href":"https:\/\/api.w.org\/{rel}","templated":true}]}}