{"id":3085,"date":"2008-11-08T09:49:00","date_gmt":"2008-11-08T12:49:00","guid":{"rendered":"1226148540"},"modified":"2008-11-08T09:49:00","modified_gmt":"2008-11-08T12:49:00","slug":"midias-do-maroon-5-no-rio","status":"publish","type":"post","link":"https:\/\/www.maroon5br.com\/site\/2008\/11\/08\/midias-do-maroon-5-no-rio\/","title":{"rendered":"M\u00eddias do Maroon 5 no Rio!"},"content":{"rendered":"<p align=\"center\"><img decoding=\"async\" src=\"http:\/\/img60.imageshack.us\/img60\/8279\/m5brrrrtk3.jpg\" style=\"border: none;\" alt=\"\" \/><\/p>\n<p align=\"justify\"><strong>Adicionamos<\/strong> em nossa galeria fotos do show do <strong>Maroon 5 no Rio de Janeiro<\/strong>. As imagens est\u00e3o em <u>\u00f3tima qualidade<\/u>, clique <a href=\"https:\/\/www.maroon5br.com\/site\/galeria\/thumbnails.php?album=284\" target=\"_self\"><strong>AQUI<\/strong><\/a>?e confira.<\/p>\n<p align=\"justify\">Alguns v\u00eddeos do concerto de ontem foram adicionamos no youtube, veja abaixo:<\/p>\n<div class=\"postcolor\" align=\"center\"><b><a href=\"http:\/\/www.youtube.com\/watch?v=Ld5GfmwgQD0\" target=\"_self\">Harder to Breathe<\/a><\/b><br \/><a href=\"http:\/\/www.youtube.com\/watch?v=GMpNzbcMWXI\" target=\"_self\"><strong>The Sun<\/strong><\/a><br \/><a href=\"http:\/\/www.youtube.com\/watch?v=XhwKIMESrNU\" target=\"_self\"><strong>Shiver<\/strong><\/a><br \/><a href=\"http:\/\/www.youtube.com\/watch?v=8xhedvsVIJI\" target=\"_self\"><strong>Shiver<\/strong><\/a>?(v\u00eddeo diferente)<br \/><a href=\"http:\/\/www.youtube.com\/watch?v=ULZ1SrWUqOg\" target=\"_self\"><strong>Sunday Morning (1 parte)<\/strong><\/a><br \/><a href=\"http:\/\/www.youtube.com\/watch?v=qI_yYlgtcB0\" target=\"_self\"><strong>Sunday Morning (2 parte)<\/strong><\/a><\/div>\n<p><!--IBF.ATTACHMENT_7319--> <\/p>\n<p align=\"justify\"><em>*Obrigada <strong>anitchaa<\/strong> e<strong> nibal<\/strong>, membros do f\u00f3rum <strong>Maroon 5 Brasil<\/strong>, pelas fotos.<\/em><\/p>\n<p align=\"center\"><strong>Fiquem ligados no site, durante todo o dia not\u00edcias do Maroon 5 no Brasil!<\/strong><\/p>\n","protected":false},"excerpt":{"rendered":"<p>Adicionamos em nossa galeria fotos do show do Maroon 5 no Rio de Janeiro. As imagens est\u00e3o em \u00f3tima qualidade, clique AQUI?e confira. Alguns v\u00eddeos do concerto de ontem foram adicionamos no youtube, veja abaixo: Harder to BreatheThe SunShiverShiver?(v\u00eddeo diferente)Sunday Morning (1 parte)Sunday Morning (2 parte) *Obrigada anitchaa e nibal, membros do f\u00f3rum Maroon 5 [&hellip;]<\/p>\n","protected":false},"author":1,"featured_media":0,"comment_status":"open","ping_status":"open","sticky":false,"template":"","format":"standard","meta":{"_themeisle_gutenberg_block_has_review":false,"footnotes":""},"categories":[11],"tags":[],"class_list":["post-3085","post","type-post","status-publish","format-standard","hentry","category-noticias"],"_links":{"self":[{"href":"https:\/\/www.maroon5br.com\/site\/wp-json\/wp\/v2\/posts\/3085","targetHints":{"allow":["GET"]}}],"collection":[{"href":"https:\/\/www.maroon5br.com\/site\/wp-json\/wp\/v2\/posts"}],"about":[{"href":"https:\/\/www.maroon5br.com\/site\/wp-json\/wp\/v2\/types\/post"}],"author":[{"embeddable":true,"href":"https:\/\/www.maroon5br.com\/site\/wp-json\/wp\/v2\/users\/1"}],"replies":[{"embeddable":true,"href":"https:\/\/www.maroon5br.com\/site\/wp-json\/wp\/v2\/comments?post=3085"}],"version-history":[{"count":0,"href":"https:\/\/www.maroon5br.com\/site\/wp-json\/wp\/v2\/posts\/3085\/revisions"}],"wp:attachment":[{"href":"https:\/\/www.maroon5br.com\/site\/wp-json\/wp\/v2\/media?parent=3085"}],"wp:term":[{"taxonomy":"category","embeddable":true,"href":"https:\/\/www.maroon5br.com\/site\/wp-json\/wp\/v2\/categories?post=3085"},{"taxonomy":"post_tag","embeddable":true,"href":"https:\/\/www.maroon5br.com\/site\/wp-json\/wp\/v2\/tags?post=3085"}],"curies":[{"name":"wp","href":"https:\/\/api.w.org\/{rel}","templated":true}]}}