{"id":3150,"date":"2008-09-20T08:54:44","date_gmt":"2008-09-20T11:54:44","guid":{"rendered":"1221911684"},"modified":"2008-09-20T08:54:44","modified_gmt":"2008-09-20T11:54:44","slug":"adam-levine-em-cd-de-barack-obama","status":"publish","type":"post","link":"https:\/\/www.maroon5br.com\/site\/2008\/09\/20\/adam-levine-em-cd-de-barack-obama\/","title":{"rendered":"Adam Levine em cd de Barack Obama"},"content":{"rendered":"<p>A campanha presidencial de<span style=\"font-weight: bold;\"> Barack Obama<\/span>, que inspirou v\u00e1rias musicas entre famosos e an\u00f4nimos, vai ganhar uma <span style=\"font-weight: bold;\">trilha sonora oficial<\/span>.<\/p>\n<p><span style=\"font-weight: bold;\">&#8220;Yes We Can: Voices of a Grassroots Movement,&#8221; <\/span>(&#8220;Sim, N\u00f3s Podemos: Vozes de um Movimento Enraizado&#8221;, em tradu\u00e7\u00e3o livre) cujo t\u00edtulo foi retirado do slogan da campanha de Obama, trar\u00e1 <span style=\"font-weight: bold;\">Sheryl Crow, Kanye West, John Legend, Stevie Wonder <\/span>entre outros.<\/p>\n<p>Adam Levine tamb\u00e9m participa do projeto com a m\u00fasica<span style=\"font-weight: bold;\"> &#8220;Promised Land&#8221; <\/span>(Terra Prometida), de<span style=\"font-weight: bold;\"> Malik Yusef<\/span> e que tamb\u00e9m traz a participa\u00e7\u00e3o de <span style=\"font-weight: bold;\">Kanye West<\/span>.<\/p>\n<p>Um <span style=\"font-weight: bold;\">preview <\/span>da m\u00fasica pode ser ouvido no site de Obama, <a href=\"http:\/\/www.barackobama.com\/music\/\">http:\/\/www.barackobama.com\/music\/<\/a> (clique em &#8216;Songs 11-18&#8217;).<\/p>\n<p><font size=\"1\">Com informa\u00e7\u00f5es da AP e M5blog<\/font>.<\/p>\n","protected":false},"excerpt":{"rendered":"<p>A campanha presidencial de Barack Obama, que inspirou v\u00e1rias musicas entre famosos e an\u00f4nimos, vai ganhar uma trilha sonora oficial. &#8220;Yes We Can: Voices of a Grassroots Movement,&#8221; (&#8220;Sim, N\u00f3s Podemos: Vozes de um Movimento Enraizado&#8221;, em tradu\u00e7\u00e3o livre) cujo t\u00edtulo foi retirado do slogan da campanha de Obama, trar\u00e1 Sheryl Crow, Kanye West, John [&hellip;]<\/p>\n","protected":false},"author":1,"featured_media":0,"comment_status":"open","ping_status":"open","sticky":false,"template":"","format":"standard","meta":{"_themeisle_gutenberg_block_has_review":false,"footnotes":""},"categories":[11],"tags":[],"class_list":["post-3150","post","type-post","status-publish","format-standard","hentry","category-noticias"],"_links":{"self":[{"href":"https:\/\/www.maroon5br.com\/site\/wp-json\/wp\/v2\/posts\/3150","targetHints":{"allow":["GET"]}}],"collection":[{"href":"https:\/\/www.maroon5br.com\/site\/wp-json\/wp\/v2\/posts"}],"about":[{"href":"https:\/\/www.maroon5br.com\/site\/wp-json\/wp\/v2\/types\/post"}],"author":[{"embeddable":true,"href":"https:\/\/www.maroon5br.com\/site\/wp-json\/wp\/v2\/users\/1"}],"replies":[{"embeddable":true,"href":"https:\/\/www.maroon5br.com\/site\/wp-json\/wp\/v2\/comments?post=3150"}],"version-history":[{"count":0,"href":"https:\/\/www.maroon5br.com\/site\/wp-json\/wp\/v2\/posts\/3150\/revisions"}],"wp:attachment":[{"href":"https:\/\/www.maroon5br.com\/site\/wp-json\/wp\/v2\/media?parent=3150"}],"wp:term":[{"taxonomy":"category","embeddable":true,"href":"https:\/\/www.maroon5br.com\/site\/wp-json\/wp\/v2\/categories?post=3150"},{"taxonomy":"post_tag","embeddable":true,"href":"https:\/\/www.maroon5br.com\/site\/wp-json\/wp\/v2\/tags?post=3150"}],"curies":[{"name":"wp","href":"https:\/\/api.w.org\/{rel}","templated":true}]}}