{"id":3169,"date":"2008-09-12T10:46:31","date_gmt":"2008-09-12T13:46:31","guid":{"rendered":"1221227191"},"modified":"2009-01-31T11:44:27","modified_gmt":"2009-01-31T14:44:27","slug":"maroon-5-no-festival-pop-rock-brasil","status":"publish","type":"post","link":"https:\/\/www.maroon5br.com\/site\/2008\/09\/12\/maroon-5-no-festival-pop-rock-brasil\/","title":{"rendered":"Maroon 5 no festival Pop Rock Brasil"},"content":{"rendered":"<p>Como prometido, a galera do Silicone Show anunciou, na manh\u00e3 de hoje,<br \/>\ndia 11 de setembro, mais uma atra\u00e7\u00e3o internacional que toca no Pop Rock<br \/>\nBrasil.<\/p>\n<p>Depois de mais de uma hora de suspense, Nayla, Gilbert e<br \/>\nPedro revelaram que o grupo pop de Los Angeles, Maroon 5, est\u00e1<br \/>\nconfirmado para o festival da 98Fm.<\/p>\n<p>O Maroon 5 \u00e9 formado por<br \/>\nAdam Levine (vocal, guitarra) James Valentine (guitarra) Jesse<br \/>\nCarmichael (teclados) Mickey Madden (baixo) Matt Flynn (bateria). <\/p>\n<p>A<br \/>\nhist\u00f3ria do Maroon 5 come\u00e7ou na \u00e9poca do colegial, em Los Angeles. Os<br \/>\nintegrantes eram amigos, tinham 17 anos, e resolveram montar uma banda,<br \/>\ninicialmente chamada de Kara&#8217;s Flowers.<\/p>\n<p>Um<br \/>\nano ap\u00f3s o seu primeiro show, em 1995, o grupo come\u00e7ou a ser muito<br \/>\nprocurado pela ind\u00fastria fonogr\u00e1fica e, depois, assinou contrato com a<br \/>\nReprise Records. Com o nome Kara&#8217;s Flowers, a banda lan\u00e7ou o seu disco<br \/>\nde estr\u00e9ia, The Fourth World. Em 2001, a banda tornou-se,<br \/>\ndefinitivamente, Maroon 5. <\/p>\n<p>O Pop Rock Brasil rola nos dias 08 e 09 de novembro.<\/p>\n<p><span style=\"font-weight: bold;\">Fonte:<\/span> <a href=\"http:\/\/www.98fm.com.br\/noticias\/view\/345\/1\/atracao-gringa-do-pop-rock-e-revelada-no-silicone\" target=\"_self\">98fm<\/a><\/p>\n","protected":false},"excerpt":{"rendered":"<p>Como prometido, a galera do Silicone Show anunciou, na manh\u00e3 de hoje, dia 11 de setembro, mais uma atra\u00e7\u00e3o internacional que toca no Pop Rock Brasil. Depois de mais de uma hora de suspense, Nayla, Gilbert e Pedro revelaram que o grupo pop de Los Angeles, Maroon 5, est\u00e1 confirmado para o festival da 98Fm. [&hellip;]<\/p>\n","protected":false},"author":1,"featured_media":0,"comment_status":"open","ping_status":"open","sticky":false,"template":"","format":"standard","meta":{"_themeisle_gutenberg_block_has_review":false,"footnotes":""},"categories":[1,11],"tags":[],"class_list":["post-3169","post","type-post","status-publish","format-standard","hentry","category-maroon-5-no-brasil","category-noticias"],"_links":{"self":[{"href":"https:\/\/www.maroon5br.com\/site\/wp-json\/wp\/v2\/posts\/3169","targetHints":{"allow":["GET"]}}],"collection":[{"href":"https:\/\/www.maroon5br.com\/site\/wp-json\/wp\/v2\/posts"}],"about":[{"href":"https:\/\/www.maroon5br.com\/site\/wp-json\/wp\/v2\/types\/post"}],"author":[{"embeddable":true,"href":"https:\/\/www.maroon5br.com\/site\/wp-json\/wp\/v2\/users\/1"}],"replies":[{"embeddable":true,"href":"https:\/\/www.maroon5br.com\/site\/wp-json\/wp\/v2\/comments?post=3169"}],"version-history":[{"count":1,"href":"https:\/\/www.maroon5br.com\/site\/wp-json\/wp\/v2\/posts\/3169\/revisions"}],"predecessor-version":[{"id":3747,"href":"https:\/\/www.maroon5br.com\/site\/wp-json\/wp\/v2\/posts\/3169\/revisions\/3747"}],"wp:attachment":[{"href":"https:\/\/www.maroon5br.com\/site\/wp-json\/wp\/v2\/media?parent=3169"}],"wp:term":[{"taxonomy":"category","embeddable":true,"href":"https:\/\/www.maroon5br.com\/site\/wp-json\/wp\/v2\/categories?post=3169"},{"taxonomy":"post_tag","embeddable":true,"href":"https:\/\/www.maroon5br.com\/site\/wp-json\/wp\/v2\/tags?post=3169"}],"curies":[{"name":"wp","href":"https:\/\/api.w.org\/{rel}","templated":true}]}}