{"id":3174,"date":"2008-09-08T06:26:22","date_gmt":"2008-09-08T09:26:22","guid":{"rendered":"1220865982"},"modified":"2008-09-08T06:26:22","modified_gmt":"2008-09-08T09:26:22","slug":"maroon-5-ira-tocar-no-lg-fashion-fusion","status":"publish","type":"post","link":"https:\/\/www.maroon5br.com\/site\/2008\/09\/08\/maroon-5-ira-tocar-no-lg-fashion-fusion\/","title":{"rendered":"Maroon 5 ir\u00e1 tocar no LG Fashion Fusion"},"content":{"rendered":"<div style=\"text-align: center;\"><span style=\"font-family: Lucida Grande;\"><span style=\"font-family: Arial,Helvetica,sans-serif;\"><img decoding=\"async\" src=\"https:\/\/www.maroon5br.com\/site\/cutenews\/data\/upimages\/LG_FF.JPG\" alt=\"\" align=\"none\" border=\"0\"><\/span><\/span><br \/><span style=\"font-family: Lucida Grande;\"><span style=\"font-family: Arial,Helvetica,sans-serif;\"><\/span><\/span><\/div>\n<p><span style=\"font-family: Lucida Grande;\"><span style=\"font-family: Arial,Helvetica,sans-serif;\"><br \/>O Maroon 5 ir\u00e1 se apresentar no LG Fashion Fusion como parte do L&#8217;Oreal Fashion Week em Toronto,CA no dia 25 de Outubro.<\/span><br style=\"font-family: Arial,Helvetica,sans-serif;\"><br style=\"font-family: Arial,Helvetica,sans-serif;\"><span style=\"font-style: italic; font-family: Arial,Helvetica,sans-serif;\">&#8220;Ganhadores do Grammy e talento musical internacional, o Maroon 5 est\u00e1 acertado para balan\u00e7ar a passarela com seus sons comoventes enquanto um designer da casa ainda-para-ser-anunciado ir\u00e1 convidar a audi\u00eancia para um espectro repleto de show fashion&#8230;&#8221;<\/span><br style=\"font-family: Arial,Helvetica,sans-serif;\"><br \/><span style=\"font-weight: bold; font-family: Arial,Helvetica,sans-serif;\">Fonte:<\/span><span style=\"font-family: Arial,Helvetica,sans-serif;\"> <\/span><\/span><a style=\"font-family: Arial,Helvetica,sans-serif;\" href=\"http:\/\/ca.us.biz.yahoo.com\/iw\/080905\/0431186.html\" target=\"_blank\">Yahoo Finance<\/a><br \/><span style=\"font-family: Lucida Grande;\"><\/span><\/p>\n","protected":false},"excerpt":{"rendered":"<p>O Maroon 5 ir\u00e1 se apresentar no LG Fashion Fusion como parte do L&#8217;Oreal Fashion Week em Toronto,CA no dia 25 de Outubro.&#8220;Ganhadores do Grammy e talento musical internacional, o Maroon 5 est\u00e1 acertado para balan\u00e7ar a passarela com seus sons comoventes enquanto um designer da casa ainda-para-ser-anunciado ir\u00e1 convidar a audi\u00eancia para um espectro [&hellip;]<\/p>\n","protected":false},"author":1,"featured_media":0,"comment_status":"open","ping_status":"open","sticky":false,"template":"","format":"standard","meta":{"_themeisle_gutenberg_block_has_review":false,"footnotes":""},"categories":[11],"tags":[],"class_list":["post-3174","post","type-post","status-publish","format-standard","hentry","category-noticias"],"_links":{"self":[{"href":"https:\/\/www.maroon5br.com\/site\/wp-json\/wp\/v2\/posts\/3174","targetHints":{"allow":["GET"]}}],"collection":[{"href":"https:\/\/www.maroon5br.com\/site\/wp-json\/wp\/v2\/posts"}],"about":[{"href":"https:\/\/www.maroon5br.com\/site\/wp-json\/wp\/v2\/types\/post"}],"author":[{"embeddable":true,"href":"https:\/\/www.maroon5br.com\/site\/wp-json\/wp\/v2\/users\/1"}],"replies":[{"embeddable":true,"href":"https:\/\/www.maroon5br.com\/site\/wp-json\/wp\/v2\/comments?post=3174"}],"version-history":[{"count":0,"href":"https:\/\/www.maroon5br.com\/site\/wp-json\/wp\/v2\/posts\/3174\/revisions"}],"wp:attachment":[{"href":"https:\/\/www.maroon5br.com\/site\/wp-json\/wp\/v2\/media?parent=3174"}],"wp:term":[{"taxonomy":"category","embeddable":true,"href":"https:\/\/www.maroon5br.com\/site\/wp-json\/wp\/v2\/categories?post=3174"},{"taxonomy":"post_tag","embeddable":true,"href":"https:\/\/www.maroon5br.com\/site\/wp-json\/wp\/v2\/tags?post=3174"}],"curies":[{"name":"wp","href":"https:\/\/api.w.org\/{rel}","templated":true}]}}