{"id":3181,"date":"2008-09-04T10:41:21","date_gmt":"2008-09-04T13:41:21","guid":{"rendered":"1220535681"},"modified":"2009-01-31T11:44:40","modified_gmt":"2009-01-31T14:44:40","slug":"mais-boatos-no-jornal-destak","status":"publish","type":"post","link":"https:\/\/www.maroon5br.com\/site\/2008\/09\/04\/mais-boatos-no-jornal-destak\/","title":{"rendered":"Mais boatos no Jornal Destak!"},"content":{"rendered":"<p align=center><img decoding=\"async\" src=\"http:\/\/img338.imageshack.us\/img338\/2021\/965237d4lp8.jpg\" style=\"border: none;\" alt=\"\" \/><\/p>\n<p align=justify>O site do <u>Jornal Destak<\/u> postou nesta \u00faltima quarta-feira, dia 03\/09, uma not\u00edcia sobre a prov\u00e1vel vinda do <strong>Maroon 5<\/strong> ao<em> <strong>Brasil<\/strong><\/em>, confira:<\/p>\n<p align=justify><em>&#8220;Vai ter congestionamento de astros do pop no Brasil, em novembro. Al\u00e9m de Duran Duran, Kylie Minogue, Nightwish, Judas Priest e o elenco do Planeta Terra Festival, mais um nome j\u00e1 reservou passagens para o pa\u00eds na mesma \u00e9poca. O Maroon 5 chega para tr\u00eas apresenta\u00e7\u00f5es, no in\u00edcio do concorrido m\u00eas.<\/em><\/p>\n<p align=justify><em>A previs\u00e3o \u00e9 de que a banda fa\u00e7a show no Rio, no dia 7, e em S\u00e3o Paulo, na noite seguinte, em locais a definir. Se os organizadores n\u00e3o inverterem essa agenda, o grupo vai bater de frente, em SP, com Planeta Terra Festival e Kylie Minogue.<\/em><\/p>\n<p align=justify><em>O Maroon 5, que surgiu em Los Angeles, no fim da d\u00e9cada passada, vem com a turn\u00ea de It Won&#8217;t Be Soon Before Long, seu melhor disco, lan\u00e7ado em 2007.&#8221;<\/em><\/p>\n<p align=justify>Esperamos que esses boatos se confirmem o mais r\u00e1pido poss\u00edvel, j\u00e1 que todos n\u00f3s estamos anciosos para ver o quinteto californiano ao vivo. <\/p>\n<p align=justify>Leia a not\u00edcia no site do jornal, <a href=\"http:\/\/www.destakjornal.com.br\/noticia.asp?ref=31349\" target=_self>AQUI<\/a>, e para comentar sobre o assunto no nosso f\u00f3rum, clique <a href=\"https:\/\/www.maroon5br.com\/site\/forum\/index.php?showtopic=534\" target=_self>AQUI<\/a>.<em><\/p>\n<p><\/em><\/p>\n","protected":false},"excerpt":{"rendered":"<p>O site do Jornal Destak postou nesta \u00faltima quarta-feira, dia 03\/09, uma not\u00edcia sobre a prov\u00e1vel vinda do Maroon 5 ao Brasil, confira: &#8220;Vai ter congestionamento de astros do pop no Brasil, em novembro. Al\u00e9m de Duran Duran, Kylie Minogue, Nightwish, Judas Priest e o elenco do Planeta Terra Festival, mais um nome j\u00e1 reservou [&hellip;]<\/p>\n","protected":false},"author":1,"featured_media":0,"comment_status":"open","ping_status":"open","sticky":false,"template":"","format":"standard","meta":{"_themeisle_gutenberg_block_has_review":false,"footnotes":""},"categories":[1,11],"tags":[],"class_list":["post-3181","post","type-post","status-publish","format-standard","hentry","category-maroon-5-no-brasil","category-noticias"],"_links":{"self":[{"href":"https:\/\/www.maroon5br.com\/site\/wp-json\/wp\/v2\/posts\/3181","targetHints":{"allow":["GET"]}}],"collection":[{"href":"https:\/\/www.maroon5br.com\/site\/wp-json\/wp\/v2\/posts"}],"about":[{"href":"https:\/\/www.maroon5br.com\/site\/wp-json\/wp\/v2\/types\/post"}],"author":[{"embeddable":true,"href":"https:\/\/www.maroon5br.com\/site\/wp-json\/wp\/v2\/users\/1"}],"replies":[{"embeddable":true,"href":"https:\/\/www.maroon5br.com\/site\/wp-json\/wp\/v2\/comments?post=3181"}],"version-history":[{"count":1,"href":"https:\/\/www.maroon5br.com\/site\/wp-json\/wp\/v2\/posts\/3181\/revisions"}],"predecessor-version":[{"id":3749,"href":"https:\/\/www.maroon5br.com\/site\/wp-json\/wp\/v2\/posts\/3181\/revisions\/3749"}],"wp:attachment":[{"href":"https:\/\/www.maroon5br.com\/site\/wp-json\/wp\/v2\/media?parent=3181"}],"wp:term":[{"taxonomy":"category","embeddable":true,"href":"https:\/\/www.maroon5br.com\/site\/wp-json\/wp\/v2\/categories?post=3181"},{"taxonomy":"post_tag","embeddable":true,"href":"https:\/\/www.maroon5br.com\/site\/wp-json\/wp\/v2\/tags?post=3181"}],"curies":[{"name":"wp","href":"https:\/\/api.w.org\/{rel}","templated":true}]}}