{"id":3244,"date":"2008-07-31T18:15:27","date_gmt":"2008-07-31T21:15:27","guid":{"rendered":"1217538927"},"modified":"2008-07-31T18:15:27","modified_gmt":"2008-07-31T21:15:27","slug":"adam-levine-fala-sobre-composicao","status":"publish","type":"post","link":"https:\/\/www.maroon5br.com\/site\/2008\/07\/31\/adam-levine-fala-sobre-composicao\/","title":{"rendered":"Adam Levine fala sobre composi\u00e7\u00e3o"},"content":{"rendered":"<p>Adam Levine n\u00e3o \u00e9 um daqueles compositores que cria um monte de m\u00fasicas toda vez que sua banda, Maroon 5, tem que compor um novo CD.<\/p>\n<div class=\"entry-content\">\n<div class=\"entry-body\">\n<p><span><\/p>\n<p class=\"text1\">Na verdade, comp\u00f4r n\u00e3o \u00e9 uma das partes mais f\u00e1ceis do trabalho para Levine, cantor e o escritor mestre da banda.<\/p>\n<p class=\"text1\">&#8220;N\u00e3o me considero nem um pouco prolixo, ali\u00e1s,&#8221; disse Levine em uma entrevista antes do show do ultimo S\u00e1bado com o Counting Crows no Mansfield.<\/p>\n<p class=\"text1\">&#8220;\u00c9 um grande sofrimento para mim escrever uma m\u00fasica. M\u00fasicas podem levar 30 segundos ou um ano ou dois para se montar, dependendo da m\u00fasica e como eu me sinto no dia. Eu n\u00e3o gosto de compor a n\u00e3o ser que eu esteja completamente alheio com a turn\u00ea.&#8221;<\/p>\n<p class=\"text1\">Com dois hit albuns para cr\u00e9dito da banda, \u00e9 simples ver que uma grande porcentagem de musicas que Levine escreve tem um gancho com a grande audi\u00eancia da banda.<\/p>\n<p class=\"text1\"><span style=\"font-weight: bold;\">Fonte: <\/span><a href=\"http:\/\/www.eagletribune.com\/pulife\/local_story_212230513.html\">The Eagle Tribune<\/a><\/p>\n<p><\/span><\/p>\n<\/div>\n<\/div>\n","protected":false},"excerpt":{"rendered":"<p>Adam Levine n\u00e3o \u00e9 um daqueles compositores que cria um monte de m\u00fasicas toda vez que sua banda, Maroon 5, tem que compor um novo CD. Na verdade, comp\u00f4r n\u00e3o \u00e9 uma das partes mais f\u00e1ceis do trabalho para Levine, cantor e o escritor mestre da banda. &#8220;N\u00e3o me considero nem um pouco prolixo, ali\u00e1s,&#8221; [&hellip;]<\/p>\n","protected":false},"author":1,"featured_media":0,"comment_status":"open","ping_status":"open","sticky":false,"template":"","format":"standard","meta":{"_themeisle_gutenberg_block_has_review":false,"footnotes":""},"categories":[11],"tags":[],"class_list":["post-3244","post","type-post","status-publish","format-standard","hentry","category-noticias"],"_links":{"self":[{"href":"https:\/\/www.maroon5br.com\/site\/wp-json\/wp\/v2\/posts\/3244","targetHints":{"allow":["GET"]}}],"collection":[{"href":"https:\/\/www.maroon5br.com\/site\/wp-json\/wp\/v2\/posts"}],"about":[{"href":"https:\/\/www.maroon5br.com\/site\/wp-json\/wp\/v2\/types\/post"}],"author":[{"embeddable":true,"href":"https:\/\/www.maroon5br.com\/site\/wp-json\/wp\/v2\/users\/1"}],"replies":[{"embeddable":true,"href":"https:\/\/www.maroon5br.com\/site\/wp-json\/wp\/v2\/comments?post=3244"}],"version-history":[{"count":0,"href":"https:\/\/www.maroon5br.com\/site\/wp-json\/wp\/v2\/posts\/3244\/revisions"}],"wp:attachment":[{"href":"https:\/\/www.maroon5br.com\/site\/wp-json\/wp\/v2\/media?parent=3244"}],"wp:term":[{"taxonomy":"category","embeddable":true,"href":"https:\/\/www.maroon5br.com\/site\/wp-json\/wp\/v2\/categories?post=3244"},{"taxonomy":"post_tag","embeddable":true,"href":"https:\/\/www.maroon5br.com\/site\/wp-json\/wp\/v2\/tags?post=3244"}],"curies":[{"name":"wp","href":"https:\/\/api.w.org\/{rel}","templated":true}]}}