{"id":3292,"date":"2008-07-02T06:31:06","date_gmt":"2008-07-02T09:31:06","guid":{"rendered":"1214991066"},"modified":"2008-07-02T06:31:06","modified_gmt":"2008-07-02T09:31:06","slug":"adam-me-sinto-como-a-paris-hilton","status":"publish","type":"post","link":"https:\/\/www.maroon5br.com\/site\/2008\/07\/02\/adam-me-sinto-como-a-paris-hilton\/","title":{"rendered":"Adam: Me sinto como a Paris Hilton!"},"content":{"rendered":"<div align=\"center\"><embed src=\"http:\/\/services.brightcove.com\/services\/viewer\/federated_f8\/1396519019\" bgcolor=\"#FFFFFF\" flashvars=\"videoId=1641203948&#038;playerId=1396519019&#038;viewerSecureGatewayURL=https:\/\/console.brightcove.com\/services\/amfgateway&#038;servicesURL=http:\/\/services.brightcove.com\/services&#038;cdnURL=http:\/\/admin.brightcove.com&#038;domain=embed&#038;autoStart=false&#038;\" base=\"http:\/\/admin.brightcove.com\" name=\"flashObj\" seamlesstabbing=\"false\" type=\"application\/x-shockwave-flash\" swliveconnect=\"true\" pluginspage=\"http:\/\/www.macromedia.com\/shockwave\/download\/index.cgi?P1_Prod_Version=ShockwaveFlash\" height=\"366\" width=\"425\"><\/div>\n<p>&#8220;Me sinto como a Paris Hilton!&#8221; <span style=\"font-weight: bold;\">Adam Levine<\/span> exclamou enquanto sa\u00eda do Villa em meio a um turbilh\u00e3o de flashes.<\/p>\n<p>Com certeza, o vocalista do Maroon 5 deu \u00e0 herdeira amiga-das-c\u00e2meras um pouco de competi\u00e7\u00e3o ontem a noite. N\u00e3o s\u00f3 ele exibiu o amb\u00edguo sinal de paz e amor para os paps enquanto sa\u00eda do clube, ele tamb\u00e9m deu um show gratuito.<\/p>\n<p>Apenas, ao inv\u00e9s de mostrar pele como Paris costumava fazer, ele mostrou seus poderes vocais: acompanhando o karaok\u00ea no palco proximo aos ouvidos dos fot\u00f3grafos do lado de fora. Ouvimos dizer que <span style=\"font-weight: bold;\">Hall e Oates<\/span> estavam na lista.<\/p>\n<p><span style=\"font-weight: bold;\">Fonte:<\/span> E! Online<\/p>\n","protected":false},"excerpt":{"rendered":"<p>&#8220;Me sinto como a Paris Hilton!&#8221; Adam Levine exclamou enquanto sa\u00eda do Villa em meio a um turbilh\u00e3o de flashes. Com certeza, o vocalista do Maroon 5 deu \u00e0 herdeira amiga-das-c\u00e2meras um pouco de competi\u00e7\u00e3o ontem a noite. N\u00e3o s\u00f3 ele exibiu o amb\u00edguo sinal de paz e amor para os paps enquanto sa\u00eda do [&hellip;]<\/p>\n","protected":false},"author":1,"featured_media":0,"comment_status":"open","ping_status":"open","sticky":false,"template":"","format":"standard","meta":{"_themeisle_gutenberg_block_has_review":false,"footnotes":""},"categories":[11],"tags":[],"class_list":["post-3292","post","type-post","status-publish","format-standard","hentry","category-noticias"],"_links":{"self":[{"href":"https:\/\/www.maroon5br.com\/site\/wp-json\/wp\/v2\/posts\/3292","targetHints":{"allow":["GET"]}}],"collection":[{"href":"https:\/\/www.maroon5br.com\/site\/wp-json\/wp\/v2\/posts"}],"about":[{"href":"https:\/\/www.maroon5br.com\/site\/wp-json\/wp\/v2\/types\/post"}],"author":[{"embeddable":true,"href":"https:\/\/www.maroon5br.com\/site\/wp-json\/wp\/v2\/users\/1"}],"replies":[{"embeddable":true,"href":"https:\/\/www.maroon5br.com\/site\/wp-json\/wp\/v2\/comments?post=3292"}],"version-history":[{"count":0,"href":"https:\/\/www.maroon5br.com\/site\/wp-json\/wp\/v2\/posts\/3292\/revisions"}],"wp:attachment":[{"href":"https:\/\/www.maroon5br.com\/site\/wp-json\/wp\/v2\/media?parent=3292"}],"wp:term":[{"taxonomy":"category","embeddable":true,"href":"https:\/\/www.maroon5br.com\/site\/wp-json\/wp\/v2\/categories?post=3292"},{"taxonomy":"post_tag","embeddable":true,"href":"https:\/\/www.maroon5br.com\/site\/wp-json\/wp\/v2\/tags?post=3292"}],"curies":[{"name":"wp","href":"https:\/\/api.w.org\/{rel}","templated":true}]}}