{"id":3401,"date":"2008-04-14T21:31:41","date_gmt":"2008-04-15T00:31:41","guid":{"rendered":"1208219501"},"modified":"2008-04-14T21:31:41","modified_gmt":"2008-04-15T00:31:41","slug":"night-of-too-many-stars","status":"publish","type":"post","link":"https:\/\/www.maroon5br.com\/site\/2008\/04\/14\/night-of-too-many-stars\/","title":{"rendered":"Night Of Too Many Stars"},"content":{"rendered":"<div style=\"text-align: center;\"><a href=\"https:\/\/www.maroon5br.com\/site\/galeria\/index.php?cat=53\" target=\"_blank\"><img decoding=\"async\" src=\"https:\/\/www.maroon5br.com\/site\/galeria\/albums\/show-1304\/normal_80665675.jpg\" class=\"img\"><\/a><\/div>\n<p>Aconteceu ontem a noite o <span style=\"font-weight: bold;\">Night Of Too Many Stars<\/span>, um evento beneficente feito pelo <span style=\"font-weight: bold;\">Comedy Central<\/span> para os <span style=\"font-weight: bold;\">autistas<\/span> que contou com a participa\u00e7\u00e3o de v\u00e1rias celebridades incluindo, claro, o<span style=\"font-weight: bold;\"> Maroon 5<\/span>, que participou do especial com o <span style=\"font-weight: bold;\">Adam <\/span>em um dos telefones, al\u00e9m de uma peformance do Maroon 5 do seu novo single, <span style=\"font-weight: bold;\">&#8220;If I Never See Your Face Again&#8221;<\/span>. Confira as <span style=\"font-weight: bold;\">fotos do show e do red carpet<\/span> na <span style=\"font-weight: bold;\">galeria<\/span> do site e veja abaixo um v\u00eddeo com um compacto da participa\u00e7\u00e3o da banda:<br \/><object height=\"350\" width=\"425\"><param name=\"movie\" value=\"http:\/\/www.youtube.com\/v\/74MGZBaNEYw\"><embed src=\"http:\/\/www.youtube.com\/v\/74MGZBaNEYw\" type=\"application\/x-shockwave-flash\" height=\"350\" width=\"425\"><\/object><\/p>\n","protected":false},"excerpt":{"rendered":"<p>Aconteceu ontem a noite o Night Of Too Many Stars, um evento beneficente feito pelo Comedy Central para os autistas que contou com a participa\u00e7\u00e3o de v\u00e1rias celebridades incluindo, claro, o Maroon 5, que participou do especial com o Adam em um dos telefones, al\u00e9m de uma peformance do Maroon 5 do seu novo single, [&hellip;]<\/p>\n","protected":false},"author":1,"featured_media":0,"comment_status":"open","ping_status":"open","sticky":false,"template":"","format":"standard","meta":{"_themeisle_gutenberg_block_has_review":false,"footnotes":""},"categories":[11],"tags":[],"class_list":["post-3401","post","type-post","status-publish","format-standard","hentry","category-noticias"],"_links":{"self":[{"href":"https:\/\/www.maroon5br.com\/site\/wp-json\/wp\/v2\/posts\/3401","targetHints":{"allow":["GET"]}}],"collection":[{"href":"https:\/\/www.maroon5br.com\/site\/wp-json\/wp\/v2\/posts"}],"about":[{"href":"https:\/\/www.maroon5br.com\/site\/wp-json\/wp\/v2\/types\/post"}],"author":[{"embeddable":true,"href":"https:\/\/www.maroon5br.com\/site\/wp-json\/wp\/v2\/users\/1"}],"replies":[{"embeddable":true,"href":"https:\/\/www.maroon5br.com\/site\/wp-json\/wp\/v2\/comments?post=3401"}],"version-history":[{"count":0,"href":"https:\/\/www.maroon5br.com\/site\/wp-json\/wp\/v2\/posts\/3401\/revisions"}],"wp:attachment":[{"href":"https:\/\/www.maroon5br.com\/site\/wp-json\/wp\/v2\/media?parent=3401"}],"wp:term":[{"taxonomy":"category","embeddable":true,"href":"https:\/\/www.maroon5br.com\/site\/wp-json\/wp\/v2\/categories?post=3401"},{"taxonomy":"post_tag","embeddable":true,"href":"https:\/\/www.maroon5br.com\/site\/wp-json\/wp\/v2\/tags?post=3401"}],"curies":[{"name":"wp","href":"https:\/\/api.w.org\/{rel}","templated":true}]}}