{"id":3412,"date":"2008-04-08T14:15:12","date_gmt":"2008-04-08T17:15:12","guid":{"rendered":"1207674912"},"modified":"2008-04-08T14:15:12","modified_gmt":"2008-04-08T17:15:12","slug":"show-frances-do-m5-sera-exibido-via-internet","status":"publish","type":"post","link":"https:\/\/www.maroon5br.com\/site\/2008\/04\/08\/show-frances-do-m5-sera-exibido-via-internet\/","title":{"rendered":"Show franc\u00eas do M5 ser\u00e1 exibido via internet"},"content":{"rendered":"<p>Vai ser transmitido a partir das <span style=\"font-weight: bold;\">5 horas da tarde (horario de brasilia)<\/span>, um show privado feito pelo <span style=\"font-weight: bold;\">Maroon 5<\/span> durante estadia da banda na Fran\u00e7a no ano passado. Esse \u00e9 o tal show feito em frente a um <span style=\"font-weight: bold;\">aqu\u00e1rio<\/span>, que o Jesse <a style=\"font-weight: bold;\" href=\"..\/index.php?start_from=290&#038;ucat=&#038;archive=&#038;subaction=showfull&#038;id=1189349320\" target=\"_blank\">comentou no Tour Diary<\/a><span style=\"font-weight: bold;\"> <\/span>em setembro do ano passado:<\/p>\n<blockquote>\n<div style=\"font-size: 13px;\">quote:<\/div>\n<hr style=\"border: 1px solid #ACA899;\" \/>\n<div>N\u00e3o, pera\u00ed&#8230; quer dizer&#8230; n\u00f3s acabamos de tocar um show acustico<br \/>\nem um aqu\u00e1rio&#8230; de frente pra uma gigantesca parede de vidro que<br \/>\nsegurava cardumes de atum e alguns tubar\u00f5es pequenos&#8230;<\/p>\n<p>Sonhei por uma cena de a\u00e7\u00e3o dram\u00e1tica onde uma rachadura surgiria e<br \/>\nem uma batida da ultima musica, 60 toneladas de \u00e1gua e tubar\u00f5es<br \/>\nderramariam em n\u00f3s e na plat\u00e9ia&#8230; um afogamento em massa&#8230; as vendas<br \/>\ndo \u00e1lbum iam estourar&#8230; mas n\u00e3o&#8230; nada demais aconteceu&#8230; exceto<br \/>\npela peformance fant\u00e1stica&#8230; foi realmente engra\u00e7ada&#8230; e eu amo<br \/>\nParis&#8230; <\/p><\/div>\n<hr style=\"border: 1px solid #ACA899;\" \/><\/blockquote>\n<p><\/p>\n<p>Assista o v\u00eddeo clicando <a style=\"font-weight: bold;\" href=\"http:\/\/www.nrjparis.tv\/\" target=\"_blank\">aqui<\/a><span style=\"font-weight: bold;\"><\/span>.<\/p>\n","protected":false},"excerpt":{"rendered":"<p>Vai ser transmitido a partir das 5 horas da tarde (horario de brasilia), um show privado feito pelo Maroon 5 durante estadia da banda na Fran\u00e7a no ano passado. Esse \u00e9 o tal show feito em frente a um aqu\u00e1rio, que o Jesse comentou no Tour Diary em setembro do ano passado: quote: N\u00e3o, pera\u00ed&#8230; [&hellip;]<\/p>\n","protected":false},"author":1,"featured_media":0,"comment_status":"open","ping_status":"open","sticky":false,"template":"","format":"standard","meta":{"_themeisle_gutenberg_block_has_review":false,"footnotes":""},"categories":[11],"tags":[],"class_list":["post-3412","post","type-post","status-publish","format-standard","hentry","category-noticias"],"_links":{"self":[{"href":"https:\/\/www.maroon5br.com\/site\/wp-json\/wp\/v2\/posts\/3412","targetHints":{"allow":["GET"]}}],"collection":[{"href":"https:\/\/www.maroon5br.com\/site\/wp-json\/wp\/v2\/posts"}],"about":[{"href":"https:\/\/www.maroon5br.com\/site\/wp-json\/wp\/v2\/types\/post"}],"author":[{"embeddable":true,"href":"https:\/\/www.maroon5br.com\/site\/wp-json\/wp\/v2\/users\/1"}],"replies":[{"embeddable":true,"href":"https:\/\/www.maroon5br.com\/site\/wp-json\/wp\/v2\/comments?post=3412"}],"version-history":[{"count":0,"href":"https:\/\/www.maroon5br.com\/site\/wp-json\/wp\/v2\/posts\/3412\/revisions"}],"wp:attachment":[{"href":"https:\/\/www.maroon5br.com\/site\/wp-json\/wp\/v2\/media?parent=3412"}],"wp:term":[{"taxonomy":"category","embeddable":true,"href":"https:\/\/www.maroon5br.com\/site\/wp-json\/wp\/v2\/categories?post=3412"},{"taxonomy":"post_tag","embeddable":true,"href":"https:\/\/www.maroon5br.com\/site\/wp-json\/wp\/v2\/tags?post=3412"}],"curies":[{"name":"wp","href":"https:\/\/api.w.org\/{rel}","templated":true}]}}