{"id":3443,"date":"2008-03-27T15:55:59","date_gmt":"2008-03-27T18:55:59","guid":{"rendered":"1206644159"},"modified":"2008-03-27T15:55:59","modified_gmt":"2008-03-27T18:55:59","slug":"if-i-never-see-your-face-again-feat-rihanna","status":"publish","type":"post","link":"https:\/\/www.maroon5br.com\/site\/2008\/03\/27\/if-i-never-see-your-face-again-feat-rihanna\/","title":{"rendered":"If I Never See Your Face Again feat. Rihanna?"},"content":{"rendered":"<p>Pois \u00e9, amiguinhos! Correm no mundo dos rumores que no re-lan\u00e7amento do \u00e1lbum <span style=\"font-weight: bold;\">Good Girl Gone Bad<\/span>, da Rihanna, estar\u00e1 presente uma participa\u00e7\u00e3o do Maroon 5! Segundo o rumor, a banda e a cantora de<span style=\"font-weight: bold;\"> Umbrella<\/span> devem dividir os microfones na m\u00fasica <span style=\"font-weight: bold;\">&#8220;If I Never See Your Face Again&#8221;<\/span>. Acho que est\u00e1 revelado o mist\u00e9rio da &#8216;estadia a toa no est\u00fadio&#8217;, segundo o Adam, n\u00e3o \u00e9?<br \/>O \u00e1lbum da Rihanna chega as lojas em <span style=\"font-weight: bold;\">Maio<\/span> e n\u00f3s j\u00e1 estamos curiosos sobre como a m\u00fasica ficou com a cantora de <span style=\"font-weight: bold;\">SOS<\/span>.<\/p>\n<p>&#8212;-<\/p>\n<p><span style=\"font-weight: bold;\">UPDATE:<\/span> A <a style=\"font-weight: bold;\" href=\"http:\/\/www.musicreg.net\/emailarchive?id=0000100931&#038;field=html_template\" target=\"_blank\">Universal Music Francesa<\/a> confirmou a informa\u00e7\u00e3o de que o <span style=\"font-weight: bold;\">Maroon 5<\/span> terminou de gravar seu novo single com <span style=\"font-weight: bold;\">Rihanna<\/span>. <br \/>Fica ent\u00e3o esclarecida a <span style=\"font-weight: bold;\">demora<\/span> no lan\u00e7amento de <span style=\"font-weight: bold;\">Goodnight Goodnight<\/span> como single. <\/p>\n","protected":false},"excerpt":{"rendered":"<p>Pois \u00e9, amiguinhos! Correm no mundo dos rumores que no re-lan\u00e7amento do \u00e1lbum Good Girl Gone Bad, da Rihanna, estar\u00e1 presente uma participa\u00e7\u00e3o do Maroon 5! Segundo o rumor, a banda e a cantora de Umbrella devem dividir os microfones na m\u00fasica &#8220;If I Never See Your Face Again&#8221;. Acho que est\u00e1 revelado o mist\u00e9rio [&hellip;]<\/p>\n","protected":false},"author":1,"featured_media":0,"comment_status":"open","ping_status":"open","sticky":false,"template":"","format":"standard","meta":{"_themeisle_gutenberg_block_has_review":false,"footnotes":""},"categories":[11],"tags":[],"class_list":["post-3443","post","type-post","status-publish","format-standard","hentry","category-noticias"],"_links":{"self":[{"href":"https:\/\/www.maroon5br.com\/site\/wp-json\/wp\/v2\/posts\/3443","targetHints":{"allow":["GET"]}}],"collection":[{"href":"https:\/\/www.maroon5br.com\/site\/wp-json\/wp\/v2\/posts"}],"about":[{"href":"https:\/\/www.maroon5br.com\/site\/wp-json\/wp\/v2\/types\/post"}],"author":[{"embeddable":true,"href":"https:\/\/www.maroon5br.com\/site\/wp-json\/wp\/v2\/users\/1"}],"replies":[{"embeddable":true,"href":"https:\/\/www.maroon5br.com\/site\/wp-json\/wp\/v2\/comments?post=3443"}],"version-history":[{"count":0,"href":"https:\/\/www.maroon5br.com\/site\/wp-json\/wp\/v2\/posts\/3443\/revisions"}],"wp:attachment":[{"href":"https:\/\/www.maroon5br.com\/site\/wp-json\/wp\/v2\/media?parent=3443"}],"wp:term":[{"taxonomy":"category","embeddable":true,"href":"https:\/\/www.maroon5br.com\/site\/wp-json\/wp\/v2\/categories?post=3443"},{"taxonomy":"post_tag","embeddable":true,"href":"https:\/\/www.maroon5br.com\/site\/wp-json\/wp\/v2\/tags?post=3443"}],"curies":[{"name":"wp","href":"https:\/\/api.w.org\/{rel}","templated":true}]}}