{"id":3464,"date":"2008-03-18T10:51:49","date_gmt":"2008-03-18T13:51:49","guid":{"rendered":"1205848309"},"modified":"2008-03-18T10:51:49","modified_gmt":"2008-03-18T13:51:49","slug":"feliz-aniversario-adam","status":"publish","type":"post","link":"https:\/\/www.maroon5br.com\/site\/2008\/03\/18\/feliz-aniversario-adam\/","title":{"rendered":"Feliz Anivers\u00e1rio, Adam!"},"content":{"rendered":"<p><a style=\"font-weight: bold;\" href=\"..\/galeria\/thumbnails.php?album=160\" target=\"_blank\"><img decoding=\"async\" src=\"http:\/\/i232.photobucket.com\/albums\/ee14\/maroon5brasil\/adam29.jpg\" class=\"img\"><\/a><\/p>\n<p><span style=\"font-weight: bold;\">Hoje \u00e9 o dia do Adam Levine apagar as velinhas do seu 29? anivers\u00e1rio! <\/span>Que o Adam tenha muito mais alegrias, realiza\u00e7\u00f5es e sucesso! (Por mais clich\u00e9 que possa parecer, s\u00e3o votos sinceros de toda a fanbase brasileira do Maroon 5).<\/p>\n<p>E o aniversariante come\u00e7ou as comemora\u00e7\u00f5es ontem mesmo, em <span style=\"font-weight: bold;\">Tokyo<\/span>! Confiram as fotos do <span style=\"font-weight: bold;\">Maroon 5 <\/span>e alguns amigos festejando o anivers\u00e1rio do vocalista na <a style=\"font-weight: bold;\" href=\"..\/galeria\/thumbnails.php?album=160\" target=\"_blank\">galeria<\/a>!<\/p>\n<p><span style=\"font-weight: bold;\">Fotos:<\/span> <a href=\"http:\/\/www.flickr.com\/photos\/21794813@N00\/\" target=\"_self\">Flickr<\/a><\/p>\n","protected":false},"excerpt":{"rendered":"<p>Hoje \u00e9 o dia do Adam Levine apagar as velinhas do seu 29? anivers\u00e1rio! Que o Adam tenha muito mais alegrias, realiza\u00e7\u00f5es e sucesso! (Por mais clich\u00e9 que possa parecer, s\u00e3o votos sinceros de toda a fanbase brasileira do Maroon 5). E o aniversariante come\u00e7ou as comemora\u00e7\u00f5es ontem mesmo, em Tokyo! Confiram as fotos do [&hellip;]<\/p>\n","protected":false},"author":1,"featured_media":0,"comment_status":"open","ping_status":"open","sticky":false,"template":"","format":"standard","meta":{"_themeisle_gutenberg_block_has_review":false,"footnotes":""},"categories":[11],"tags":[],"class_list":["post-3464","post","type-post","status-publish","format-standard","hentry","category-noticias"],"_links":{"self":[{"href":"https:\/\/www.maroon5br.com\/site\/wp-json\/wp\/v2\/posts\/3464","targetHints":{"allow":["GET"]}}],"collection":[{"href":"https:\/\/www.maroon5br.com\/site\/wp-json\/wp\/v2\/posts"}],"about":[{"href":"https:\/\/www.maroon5br.com\/site\/wp-json\/wp\/v2\/types\/post"}],"author":[{"embeddable":true,"href":"https:\/\/www.maroon5br.com\/site\/wp-json\/wp\/v2\/users\/1"}],"replies":[{"embeddable":true,"href":"https:\/\/www.maroon5br.com\/site\/wp-json\/wp\/v2\/comments?post=3464"}],"version-history":[{"count":0,"href":"https:\/\/www.maroon5br.com\/site\/wp-json\/wp\/v2\/posts\/3464\/revisions"}],"wp:attachment":[{"href":"https:\/\/www.maroon5br.com\/site\/wp-json\/wp\/v2\/media?parent=3464"}],"wp:term":[{"taxonomy":"category","embeddable":true,"href":"https:\/\/www.maroon5br.com\/site\/wp-json\/wp\/v2\/categories?post=3464"},{"taxonomy":"post_tag","embeddable":true,"href":"https:\/\/www.maroon5br.com\/site\/wp-json\/wp\/v2\/tags?post=3464"}],"curies":[{"name":"wp","href":"https:\/\/api.w.org\/{rel}","templated":true}]}}