{"id":3526,"date":"2008-02-08T10:06:12","date_gmt":"2008-02-08T13:06:12","guid":{"rendered":"1202475972"},"modified":"2008-02-08T10:06:12","modified_gmt":"2008-02-08T13:06:12","slug":"adam-levine-queria-ter-escrito-umbrella","status":"publish","type":"post","link":"https:\/\/www.maroon5br.com\/site\/2008\/02\/08\/adam-levine-queria-ter-escrito-umbrella\/","title":{"rendered":"Adam Levine queria ter escrito &#8216;Umbrella&#8217;"},"content":{"rendered":"<p>Isso mesmo. Em uma coluna no site da <span style=\"font-weight: bold;\">Rolling Stone<\/span>, 5 celebridades (Akon, Pete Wentz, KT Tunstall, Mark Ronson, Chris Daughtry, Tom Higgenson, <span style=\"font-weight: bold;\">Adam Levine<\/span> e Ne-Yo) comentaram os indicados do <span style=\"font-weight: bold;\">Grammy <\/span>e quem deveria ganhar cada categoria. Na categoria<span style=\"font-weight: bold;\"> M\u00fasica do Ano<\/span>, <span style=\"font-weight: bold;\">Adam<\/span> foi s\u00f3 elogios para <span style=\"font-weight: bold;\">Rihanna e seu guarda-chuva<\/span>: <span style=\"font-weight: bold;\">&#8220;Umbrella \u00e9 uma daquelas musicas que a gente queria ter escrito. \u00c9 maravilhosa de todos os jeitos. E n\u00e3o machuca que ela \u00e9 linda&#8221;<\/span>, disse. Entre outras escolhas do cantor est\u00e3o <span style=\"font-weight: bold;\">Wilco<\/span> (Melhor \u00e1lbum rock), <span style=\"font-weight: bold;\">White Stripes <\/span>(Melhor \u00e1lbum Alternativo) e<span style=\"font-weight: bold;\"> Christina Aguilera <\/span>(Melhor Pop Vocal Feminino). Confira a mat\u00e9ria completa <a style=\"font-weight: bold;\" href=\"http:\/\/www.rollingstone.com\/news\/story\/18338218\/rock_star_predictions_who_will_win_at_this_years_grammys\/8\" target=\"_blank\">aqui<\/a><span style=\"font-weight: bold;\"><\/span>.<\/p>\n","protected":false},"excerpt":{"rendered":"<p>Isso mesmo. Em uma coluna no site da Rolling Stone, 5 celebridades (Akon, Pete Wentz, KT Tunstall, Mark Ronson, Chris Daughtry, Tom Higgenson, Adam Levine e Ne-Yo) comentaram os indicados do Grammy e quem deveria ganhar cada categoria. Na categoria M\u00fasica do Ano, Adam foi s\u00f3 elogios para Rihanna e seu guarda-chuva: &#8220;Umbrella \u00e9 uma [&hellip;]<\/p>\n","protected":false},"author":1,"featured_media":0,"comment_status":"open","ping_status":"open","sticky":false,"template":"","format":"standard","meta":{"_themeisle_gutenberg_block_has_review":false,"footnotes":""},"categories":[11],"tags":[],"class_list":["post-3526","post","type-post","status-publish","format-standard","hentry","category-noticias"],"_links":{"self":[{"href":"https:\/\/www.maroon5br.com\/site\/wp-json\/wp\/v2\/posts\/3526","targetHints":{"allow":["GET"]}}],"collection":[{"href":"https:\/\/www.maroon5br.com\/site\/wp-json\/wp\/v2\/posts"}],"about":[{"href":"https:\/\/www.maroon5br.com\/site\/wp-json\/wp\/v2\/types\/post"}],"author":[{"embeddable":true,"href":"https:\/\/www.maroon5br.com\/site\/wp-json\/wp\/v2\/users\/1"}],"replies":[{"embeddable":true,"href":"https:\/\/www.maroon5br.com\/site\/wp-json\/wp\/v2\/comments?post=3526"}],"version-history":[{"count":0,"href":"https:\/\/www.maroon5br.com\/site\/wp-json\/wp\/v2\/posts\/3526\/revisions"}],"wp:attachment":[{"href":"https:\/\/www.maroon5br.com\/site\/wp-json\/wp\/v2\/media?parent=3526"}],"wp:term":[{"taxonomy":"category","embeddable":true,"href":"https:\/\/www.maroon5br.com\/site\/wp-json\/wp\/v2\/categories?post=3526"},{"taxonomy":"post_tag","embeddable":true,"href":"https:\/\/www.maroon5br.com\/site\/wp-json\/wp\/v2\/tags?post=3526"}],"curies":[{"name":"wp","href":"https:\/\/api.w.org\/{rel}","templated":true}]}}