{"id":3554,"date":"2008-01-22T21:53:34","date_gmt":"2008-01-23T00:53:34","guid":{"rendered":"1201049614"},"modified":"2008-01-22T21:53:34","modified_gmt":"2008-01-23T00:53:34","slug":"fans-querem-maroon-5-no-brasil","status":"publish","type":"post","link":"https:\/\/www.maroon5br.com\/site\/2008\/01\/22\/fans-querem-maroon-5-no-brasil\/","title":{"rendered":"Fans querem Maroon 5 no Brasil!"},"content":{"rendered":"<p>Os <span style=\"font-weight: bold;\">f\u00e3s brasileiros<\/span> do M5 fizeram mais uma manifesta\u00e7\u00e3o para tentar trazer os caras para a<span style=\"font-weight: bold;\"> terra do samba.<\/span> Trata-se de uma <span style=\"font-weight: bold;\">video-peti\u00e7\u00e3o<\/span> iniciada na comunidade <a href=\"http:\/\/www.orkut.com\/CommMsgs.aspx?cmm=30003&#038;tid=2578448822734643056&#038;na=1&#038;nst=1\" target=\"_blank\">Maroon 5<\/a> no <span style=\"font-weight: bold;\">Orkut<\/span> e que contou com a participa\u00e7\u00e3o de v\u00e1rios f\u00e3s, que enviaram fotos segurando cartazes com a frase: <span style=\"font-weight: bold;\">Maroon 5, come to Brazil!<\/span>, confira:<\/p>\n<p><object height=\"355\" width=\"425\"><param name=\"movie\" value=\"http:\/\/www.youtube.com\/v\/qLRkBdPaL50&#038;rel=1\"><param name=\"wmode\" value=\"transparent\"><embed src=\"http:\/\/www.youtube.com\/v\/qLRkBdPaL50&#038;rel=1\" type=\"application\/x-shockwave-flash\" wmode=\"transparent\" height=\"355\" width=\"425\"><\/object><br \/>Lembrando que uma outra forma de ajudar a trazer os caras \u00e9 assinando aos 2 abaixos-assinados, clicando?<a style=\"font-weight: bold;\" href=\"http:\/\/eventful.com\/demand\/D0-001-000689827-5\" target=\"_blank\">aqui<\/a><span style=\"font-weight: bold;\"> <\/span>e <a style=\"font-weight: bold;\" href=\"http:\/\/www.petitiononline.com\/mod_perl\/signed.cgi?mr505&#038;1\" target=\"_blank\">aqui<\/a>.<\/p>\n<p><span style=\"font-weight: bold;\">Cr\u00e9ditos do v\u00eddeo:<\/span> <a href=\"http:\/\/www.orkut.com\/Profile.aspx?uid=12854101682140640619\" target=\"_blank\">Caroline Azulay<\/a> e <a href=\"http:\/\/www.orkut.com\/Profile.aspx?uid=3832188798656618682\" target=\"_blank\">Rachel Carvalho<\/a>.<\/p>\n","protected":false},"excerpt":{"rendered":"<p>Os f\u00e3s brasileiros do M5 fizeram mais uma manifesta\u00e7\u00e3o para tentar trazer os caras para a terra do samba. Trata-se de uma video-peti\u00e7\u00e3o iniciada na comunidade Maroon 5 no Orkut e que contou com a participa\u00e7\u00e3o de v\u00e1rios f\u00e3s, que enviaram fotos segurando cartazes com a frase: Maroon 5, come to Brazil!, confira: Lembrando que [&hellip;]<\/p>\n","protected":false},"author":1,"featured_media":0,"comment_status":"open","ping_status":"open","sticky":false,"template":"","format":"standard","meta":{"_themeisle_gutenberg_block_has_review":false,"footnotes":""},"categories":[11],"tags":[],"class_list":["post-3554","post","type-post","status-publish","format-standard","hentry","category-noticias"],"_links":{"self":[{"href":"https:\/\/www.maroon5br.com\/site\/wp-json\/wp\/v2\/posts\/3554","targetHints":{"allow":["GET"]}}],"collection":[{"href":"https:\/\/www.maroon5br.com\/site\/wp-json\/wp\/v2\/posts"}],"about":[{"href":"https:\/\/www.maroon5br.com\/site\/wp-json\/wp\/v2\/types\/post"}],"author":[{"embeddable":true,"href":"https:\/\/www.maroon5br.com\/site\/wp-json\/wp\/v2\/users\/1"}],"replies":[{"embeddable":true,"href":"https:\/\/www.maroon5br.com\/site\/wp-json\/wp\/v2\/comments?post=3554"}],"version-history":[{"count":0,"href":"https:\/\/www.maroon5br.com\/site\/wp-json\/wp\/v2\/posts\/3554\/revisions"}],"wp:attachment":[{"href":"https:\/\/www.maroon5br.com\/site\/wp-json\/wp\/v2\/media?parent=3554"}],"wp:term":[{"taxonomy":"category","embeddable":true,"href":"https:\/\/www.maroon5br.com\/site\/wp-json\/wp\/v2\/categories?post=3554"},{"taxonomy":"post_tag","embeddable":true,"href":"https:\/\/www.maroon5br.com\/site\/wp-json\/wp\/v2\/tags?post=3554"}],"curies":[{"name":"wp","href":"https:\/\/api.w.org\/{rel}","templated":true}]}}