{"id":3614,"date":"2007-12-14T13:18:19","date_gmt":"2007-12-14T16:18:19","guid":{"rendered":"1197649099"},"modified":"2007-12-14T13:18:19","modified_gmt":"2007-12-14T16:18:19","slug":"band-vai-transmitir-fashion-rocks-2007","status":"publish","type":"post","link":"https:\/\/www.maroon5br.com\/site\/2007\/12\/14\/band-vai-transmitir-fashion-rocks-2007\/","title":{"rendered":"Band vai transmitir Fashion Rocks 2007!"},"content":{"rendered":"<p><span style=\"font-weight: bold;\">Finalmente!<\/span> Depois de <span style=\"font-weight: bold;\">3 meses<\/span>, o <span style=\"font-weight: bold;\">Fashion Rocks 2007<\/span> ser\u00e1 exibido na TV aberta, pela <span style=\"font-weight: bold;\">Band<\/span>.<br \/>O <span style=\"font-weight: bold;\">FR<\/span>, que aconteceu nos dias <span style=\"font-weight: bold;\">6 e 7 de Setembro<\/span>, traz al\u00e9m das peformances do <span style=\"font-weight: bold;\">Maroon 5<\/span> (<span style=\"font-weight: bold;\">Wake Up Call<\/span> e <span style=\"font-weight: bold;\">Be My Baby<\/span>), apari\u00e7\u00f5es de <span style=\"font-weight: bold;\">Jennifer Lopez<\/span>, <span style=\"font-weight: bold;\">Carrie Underwood<\/span>, <span style=\"font-weight: bold;\">Aerosmith<\/span>, <span style=\"font-weight: bold;\">Avril Lavigne<\/span>, entre outros.<br \/>O especial ir\u00e1 ao ar no dia <span style=\"font-weight: bold;\">16\/12<\/span>, a partir das <span style=\"font-weight: bold;\">20:30 (hor\u00e1rio de Bras\u00edlia). <\/span>Para conferir algumas fotos do evento, clique?<a style=\"font-weight: bold;\" href=\"..\/galeria\/thumbnails.php?album=2\" target=\"_self\">aqui<\/a><span style=\"font-weight: bold;\">.<\/span><\/p>\n","protected":false},"excerpt":{"rendered":"<p>Finalmente! Depois de 3 meses, o Fashion Rocks 2007 ser\u00e1 exibido na TV aberta, pela Band.O FR, que aconteceu nos dias 6 e 7 de Setembro, traz al\u00e9m das peformances do Maroon 5 (Wake Up Call e Be My Baby), apari\u00e7\u00f5es de Jennifer Lopez, Carrie Underwood, Aerosmith, Avril Lavigne, entre outros.O especial ir\u00e1 ao ar [&hellip;]<\/p>\n","protected":false},"author":1,"featured_media":0,"comment_status":"open","ping_status":"open","sticky":false,"template":"","format":"standard","meta":{"_themeisle_gutenberg_block_has_review":false,"footnotes":""},"categories":[11],"tags":[],"class_list":["post-3614","post","type-post","status-publish","format-standard","hentry","category-noticias"],"_links":{"self":[{"href":"https:\/\/www.maroon5br.com\/site\/wp-json\/wp\/v2\/posts\/3614","targetHints":{"allow":["GET"]}}],"collection":[{"href":"https:\/\/www.maroon5br.com\/site\/wp-json\/wp\/v2\/posts"}],"about":[{"href":"https:\/\/www.maroon5br.com\/site\/wp-json\/wp\/v2\/types\/post"}],"author":[{"embeddable":true,"href":"https:\/\/www.maroon5br.com\/site\/wp-json\/wp\/v2\/users\/1"}],"replies":[{"embeddable":true,"href":"https:\/\/www.maroon5br.com\/site\/wp-json\/wp\/v2\/comments?post=3614"}],"version-history":[{"count":0,"href":"https:\/\/www.maroon5br.com\/site\/wp-json\/wp\/v2\/posts\/3614\/revisions"}],"wp:attachment":[{"href":"https:\/\/www.maroon5br.com\/site\/wp-json\/wp\/v2\/media?parent=3614"}],"wp:term":[{"taxonomy":"category","embeddable":true,"href":"https:\/\/www.maroon5br.com\/site\/wp-json\/wp\/v2\/categories?post=3614"},{"taxonomy":"post_tag","embeddable":true,"href":"https:\/\/www.maroon5br.com\/site\/wp-json\/wp\/v2\/tags?post=3614"}],"curies":[{"name":"wp","href":"https:\/\/api.w.org\/{rel}","templated":true}]}}