{"id":3642,"date":"2007-11-28T11:23:58","date_gmt":"2007-11-28T14:23:58","guid":{"rendered":"1196259838"},"modified":"2007-11-28T11:23:58","modified_gmt":"2007-11-28T14:23:58","slug":"maroon-5-em-especial-de-radio","status":"publish","type":"post","link":"https:\/\/www.maroon5br.com\/site\/2007\/11\/28\/maroon-5-em-especial-de-radio\/","title":{"rendered":"Maroon 5 em especial de r\u00e1dio"},"content":{"rendered":"<p><img decoding=\"async\" src=\"https:\/\/www.maroon5br.com\/site\/cutenews\/data\/upimages\/m5.jpg\" alt=\"\" align=\"left\" border=\"0\" hspace=\"5\" vspace=\"5\"><br \/>\nA R\u00e1dio <span style=\"font-weight: bold;\">A Tarde FM (103,9),<\/span> de <span style=\"font-weight: bold;\">Salvador<\/span>, no pr\u00f3ximo s\u00e1bado (<span style=\"font-weight: bold;\">1?\/12<\/span>), vai transmitir \u00e0s<span style=\"font-weight: bold;\"> 20h<\/span> (sem hor\u00e1rio de ver\u00e3o), um especial incluindo o <span style=\"font-weight: bold;\">Maroon 5<\/span>!<\/p>\n<p><span style=\"font-weight: bold;\">Site da r\u00e1dio:<\/span><br \/><a href=\"http:\/\/www.atardefm.com.br\/#\" target=\"_self\">http:\/\/www.atardefm.com.br\/#<\/a><br \/>(l\u00e1 tem um bot\u00e3o indicando onde ouvir).<\/p>\n<p><span style=\"font-weight: bold;\">Descri\u00e7\u00e3o do programa (no site)<\/span>:<br \/>A TARDE FM Especial<br \/>S\u00e1bado &#8211; 20h \u00e0s 21h<br \/>Descri\u00e7\u00e3o:<br \/>O programa seleciona can\u00e7\u00f5es de dois artistas consagrados da m\u00fasica. Na primeira parte sempre um nome nacional \u00e9 destaque e na segunda parte um artista ou grupo internacional.<\/p>\n<p>Fonte: <a href=\"http:\/\/www.orkut.com\/CommMsgs.aspx?cmm=30003&#038;tid=2568508911135528909\" target=\"_blank\">A., da comunidade Maroon 5<\/a><\/p>\n","protected":false},"excerpt":{"rendered":"<p>A R\u00e1dio A Tarde FM (103,9), de Salvador, no pr\u00f3ximo s\u00e1bado (1?\/12), vai transmitir \u00e0s 20h (sem hor\u00e1rio de ver\u00e3o), um especial incluindo o Maroon 5! Site da r\u00e1dio:http:\/\/www.atardefm.com.br\/#(l\u00e1 tem um bot\u00e3o indicando onde ouvir). Descri\u00e7\u00e3o do programa (no site):A TARDE FM EspecialS\u00e1bado &#8211; 20h \u00e0s 21hDescri\u00e7\u00e3o:O programa seleciona can\u00e7\u00f5es de dois artistas consagrados da [&hellip;]<\/p>\n","protected":false},"author":1,"featured_media":0,"comment_status":"open","ping_status":"open","sticky":false,"template":"","format":"standard","meta":{"_themeisle_gutenberg_block_has_review":false,"footnotes":""},"categories":[11],"tags":[],"class_list":["post-3642","post","type-post","status-publish","format-standard","hentry","category-noticias"],"_links":{"self":[{"href":"https:\/\/www.maroon5br.com\/site\/wp-json\/wp\/v2\/posts\/3642","targetHints":{"allow":["GET"]}}],"collection":[{"href":"https:\/\/www.maroon5br.com\/site\/wp-json\/wp\/v2\/posts"}],"about":[{"href":"https:\/\/www.maroon5br.com\/site\/wp-json\/wp\/v2\/types\/post"}],"author":[{"embeddable":true,"href":"https:\/\/www.maroon5br.com\/site\/wp-json\/wp\/v2\/users\/1"}],"replies":[{"embeddable":true,"href":"https:\/\/www.maroon5br.com\/site\/wp-json\/wp\/v2\/comments?post=3642"}],"version-history":[{"count":0,"href":"https:\/\/www.maroon5br.com\/site\/wp-json\/wp\/v2\/posts\/3642\/revisions"}],"wp:attachment":[{"href":"https:\/\/www.maroon5br.com\/site\/wp-json\/wp\/v2\/media?parent=3642"}],"wp:term":[{"taxonomy":"category","embeddable":true,"href":"https:\/\/www.maroon5br.com\/site\/wp-json\/wp\/v2\/categories?post=3642"},{"taxonomy":"post_tag","embeddable":true,"href":"https:\/\/www.maroon5br.com\/site\/wp-json\/wp\/v2\/tags?post=3642"}],"curies":[{"name":"wp","href":"https:\/\/api.w.org\/{rel}","templated":true}]}}