{"id":3650,"date":"2007-11-21T11:47:11","date_gmt":"2007-11-21T14:47:11","guid":{"rendered":"1195656431"},"modified":"2007-11-21T11:47:11","modified_gmt":"2007-11-21T14:47:11","slug":"revista-flare-de-setembro","status":"publish","type":"post","link":"https:\/\/www.maroon5br.com\/site\/2007\/11\/21\/revista-flare-de-setembro\/","title":{"rendered":"Revista Flare de Setembro"},"content":{"rendered":"<p><img decoding=\"async\" src=\"http:\/\/i232.photobucket.com\/albums\/ee14\/maroon5brasil\/flare.jpg\" align=\"left\" hspace=\"5\" vspace=\"5\" width=\"100\">Saiu na edi\u00e7\u00e3o de <b>Setembro<\/b> da revista de moda canadense <b>Flare<\/b>, uma pequena mat\u00e9ria sobre o vocalista do <b>Maroon 5<\/b>, Adam Levine:<\/p>\n<p><b>O poderoso Adam<\/b><br \/><i>O vocalista do Maroon 5, Adam Levine, quer nosso cora\u00e7\u00e3o<\/i><\/p>\n<p>Al\u00e9m de ter o fator beleza-e-talento, o lider do Maroon 5, Adam Levine, tem mais uma qualidade: Ele \u00e9 realmente um cara legal. Um cara realmente bacana que desde pequeno queria estar em uma banda. &#8220;Desde que tinha 10 anos e vi [o baterista do M\u00f6tley Cr\u00fce] Tommy Lee tocando numa bateria gigante no palco, eu achava t\u00e3o legal,&#8221; diz ele.<\/p>\n<p>Mais legal ainda \u00e9 o fato de Levine creditar sua m\u00e3e e pai por sua educa\u00e7\u00e3o musical? &#8211; algo que a maioria dos roqueiros nunca admitiria. &#8220;Meus pais nos educaram com \u00f3tima musica: os Stones, Stevie Wonder, os Beatles, Simon &#038; Garfunkel. Quando surgiu o Nirvana, [minha fam\u00edlia] estava toda animada e excitada sobre isso. Era uma revolu\u00e7\u00e3o.&#8221;<\/p>\n<p>Uma revolu\u00e7\u00e3o que acabou dando g\u00e1s para a sua banda, que criou hits top-10 como &#8220;Harder to Breathe&#8221; e &#8220;This Love&#8221;. Mas n\u00e3o espere que Levine se vista com farrapos em algum momento. Seu mais recente visual e m\u00fasica s\u00e3o tudo, menos inpirados por Kurt Cobain. Na capa do disco mais recente, It Won&#8217;t Be Soon Before Long, Levine usa uma cal\u00e7a preta apertada e uma uma jaqueta Yves Saint Laurent que o faz parecer um grande apostador do rock&#8217;n&#8217;roll ( a foto que ele usa uma jaqueta azul escura tamb\u00e9m \u00e9 de YSL).<\/p>\n<p>Criar personagens enquanto grava \u00e9 algo que Levine nasceu para fazer. Qualquer um que ouviu o emocionante dueto de &#8220;Wild Horses&#8221; com Alicia Keys, ou a nova balada do M5, &#8220;Goodnight Goodnight&#8221;, pode dizer que sua voz pode mudar de congelante para quente em apenas algumas notas. A boa not\u00edcia \u00e9 que, apesar das letras caracter\u00edsticas do M5 se focarem em romances dif\u00edceis (especialmente o mais recente #1 do M5, &#8220;Makes me Wonder&#8221;), Levine eventualmente quer encontrar a mulher certa e se acalmar &#8211; o que n\u00e3o quer dizer que ele poderia sacrificar qualquer apimentada.<\/p>\n<p>&#8220;As pessoas subestimam a import\u00e2ncia do sexo. \u00c9 uma das coisas mais importantes no relacionamento,&#8221; o playboy admite envergonhado. &#8220;Tem duas partes &#8211; intelectual e sexual &#8211; e as duas tem que existir para [o relacionamento] durar.&#8221; Am\u00e9m para isso!<b><\/p>\n<p>Fonte:<\/b> Flare Magazine \/ F\u00f3rum oficial do Maroon 5<b><br \/>Tradu\u00e7\u00e3o e adapta\u00e7\u00e3o:<\/b> Maroon 5 Brasil<\/p>\n","protected":false},"excerpt":{"rendered":"<p>Saiu na edi\u00e7\u00e3o de Setembro da revista de moda canadense Flare, uma pequena mat\u00e9ria sobre o vocalista do Maroon 5, Adam Levine: O poderoso AdamO vocalista do Maroon 5, Adam Levine, quer nosso cora\u00e7\u00e3o Al\u00e9m de ter o fator beleza-e-talento, o lider do Maroon 5, Adam Levine, tem mais uma qualidade: Ele \u00e9 realmente um [&hellip;]<\/p>\n","protected":false},"author":1,"featured_media":0,"comment_status":"open","ping_status":"open","sticky":false,"template":"","format":"standard","meta":{"_themeisle_gutenberg_block_has_review":false,"footnotes":""},"categories":[11],"tags":[],"class_list":["post-3650","post","type-post","status-publish","format-standard","hentry","category-noticias"],"_links":{"self":[{"href":"https:\/\/www.maroon5br.com\/site\/wp-json\/wp\/v2\/posts\/3650","targetHints":{"allow":["GET"]}}],"collection":[{"href":"https:\/\/www.maroon5br.com\/site\/wp-json\/wp\/v2\/posts"}],"about":[{"href":"https:\/\/www.maroon5br.com\/site\/wp-json\/wp\/v2\/types\/post"}],"author":[{"embeddable":true,"href":"https:\/\/www.maroon5br.com\/site\/wp-json\/wp\/v2\/users\/1"}],"replies":[{"embeddable":true,"href":"https:\/\/www.maroon5br.com\/site\/wp-json\/wp\/v2\/comments?post=3650"}],"version-history":[{"count":0,"href":"https:\/\/www.maroon5br.com\/site\/wp-json\/wp\/v2\/posts\/3650\/revisions"}],"wp:attachment":[{"href":"https:\/\/www.maroon5br.com\/site\/wp-json\/wp\/v2\/media?parent=3650"}],"wp:term":[{"taxonomy":"category","embeddable":true,"href":"https:\/\/www.maroon5br.com\/site\/wp-json\/wp\/v2\/categories?post=3650"},{"taxonomy":"post_tag","embeddable":true,"href":"https:\/\/www.maroon5br.com\/site\/wp-json\/wp\/v2\/tags?post=3650"}],"curies":[{"name":"wp","href":"https:\/\/api.w.org\/{rel}","templated":true}]}}