{"id":4686,"date":"2009-08-26T19:06:28","date_gmt":"2009-08-26T22:06:28","guid":{"rendered":"http:\/\/www.maroon5br.com\/?p=4686"},"modified":"2009-08-26T19:35:44","modified_gmt":"2009-08-26T22:35:44","slug":"maroon-5-e-citado-em-filme","status":"publish","type":"post","link":"https:\/\/www.maroon5br.com\/site\/2009\/08\/26\/maroon-5-e-citado-em-filme\/","title":{"rendered":"Maroon 5 \u00e9 citado em filme"},"content":{"rendered":"<p style=\"text-align: center;\"><img loading=\"lazy\" decoding=\"async\" class=\"alignnone\" src=\"http:\/\/img44.imageshack.us\/img44\/3093\/brody.jpg\" alt=\"\" width=\"500\" height=\"200\" \/><\/p>\n<p style=\"text-align: left;\">Adam Brody cita o <strong>Maroon 5<\/strong> em seu primeiro filme &#8216;<strong>Garota Infernal<\/strong>&#8216; (Jennifer&#8217;s Body) que s\u00f3 deve estreiar aqui no Brasil em outubro.<\/p>\n<p style=\"text-align: left;\">O ator interpreta um vocalista de banda rock, e se inpira em m\u00fasicos reais. Confira o que Adam [Brody] diz:<\/p>\n<blockquote style=\"text-align: left;\"><p>&#8220;H\u00e1 um pouco de Jared Leto nele. Coloquei um pouco de Brandon Flowers. H\u00e1 um pouco de Maroon 5. N\u00e3o h\u00e1 unhas pintadas, mas h\u00e1 um pouco de delineador.<\/p>\n<p>Eu n\u00e3o acho que ele deva levar isso em total homenagem a ele, Jared. O \u00fanico cara que j\u00e1 conheci \u00e9 o Adam Levine, do Maroon 5, e ele \u00e9 um cara legal. E h\u00e1 uma brincadeira com o Maroon 5 no roteiro, ent\u00e3o talvez ele diga alguma coisa.<\/p>\n<p>Eu digo, &#8216;Voc\u00ea quer ser rico e famoso como o cara do maroon 5, ou um enorme perdedor suicida? Isto \u00e9 o que meu personagem est\u00e1 cobi\u00e7ando &#8211; a fama e a fortuna do Maroon 5.&#8221;<\/p><\/blockquote>\n<p style=\"text-align: left;\"><strong>Fonte:<\/strong> <a href=\"http:\/\/entertainment.stv.tv\/music\/118547-adam-brody-loves-his-movie\/\" target=\"_blank\">STV<\/a><\/p>\n","protected":false},"excerpt":{"rendered":"<p>Adam Brody cita o Maroon 5 em seu primeiro filme &#8216;Garota Infernal&#8216; (Jennifer&#8217;s Body) que s\u00f3 deve estreiar aqui no Brasil em outubro. O ator interpreta um vocalista de banda rock, e se inpira em m\u00fasicos reais. Confira o que Adam [Brody] diz: &#8220;H\u00e1 um pouco de Jared Leto nele. Coloquei um pouco de Brandon [&hellip;]<\/p>\n","protected":false},"author":1,"featured_media":0,"comment_status":"closed","ping_status":"open","sticky":false,"template":"","format":"standard","meta":{"_themeisle_gutenberg_block_has_review":false,"footnotes":""},"categories":[11],"tags":[],"class_list":["post-4686","post","type-post","status-publish","format-standard","hentry","category-noticias"],"_links":{"self":[{"href":"https:\/\/www.maroon5br.com\/site\/wp-json\/wp\/v2\/posts\/4686","targetHints":{"allow":["GET"]}}],"collection":[{"href":"https:\/\/www.maroon5br.com\/site\/wp-json\/wp\/v2\/posts"}],"about":[{"href":"https:\/\/www.maroon5br.com\/site\/wp-json\/wp\/v2\/types\/post"}],"author":[{"embeddable":true,"href":"https:\/\/www.maroon5br.com\/site\/wp-json\/wp\/v2\/users\/1"}],"replies":[{"embeddable":true,"href":"https:\/\/www.maroon5br.com\/site\/wp-json\/wp\/v2\/comments?post=4686"}],"version-history":[{"count":12,"href":"https:\/\/www.maroon5br.com\/site\/wp-json\/wp\/v2\/posts\/4686\/revisions"}],"predecessor-version":[{"id":4699,"href":"https:\/\/www.maroon5br.com\/site\/wp-json\/wp\/v2\/posts\/4686\/revisions\/4699"}],"wp:attachment":[{"href":"https:\/\/www.maroon5br.com\/site\/wp-json\/wp\/v2\/media?parent=4686"}],"wp:term":[{"taxonomy":"category","embeddable":true,"href":"https:\/\/www.maroon5br.com\/site\/wp-json\/wp\/v2\/categories?post=4686"},{"taxonomy":"post_tag","embeddable":true,"href":"https:\/\/www.maroon5br.com\/site\/wp-json\/wp\/v2\/tags?post=4686"}],"curies":[{"name":"wp","href":"https:\/\/api.w.org\/{rel}","templated":true}]}}