{"id":4800,"date":"2009-10-20T00:11:57","date_gmt":"2009-10-20T03:11:57","guid":{"rendered":"http:\/\/www.maroon5br.com\/?p=4800"},"modified":"2009-10-20T00:14:29","modified_gmt":"2009-10-20T03:14:29","slug":"videojesse-james-e-o-harlem-childrens-zone","status":"publish","type":"post","link":"https:\/\/www.maroon5br.com\/site\/2009\/10\/20\/videojesse-james-e-o-harlem-childrens-zone\/","title":{"rendered":"[V\u00eddeo]Jesse, James e o Harlem Children&#8217;s Zone"},"content":{"rendered":"<p><span>Jesse\u00a0e James reservam um tempinho para nos anunciar um v\u00eddeo que ser\u00e1 feito exclusivamente para criar conscientiza\u00e7\u00e3o para o <\/span><span><strong>Harlem Children&#8217;s Zone<\/strong> (<em>Zona das Crian\u00e7as de Harlem<\/em>). <\/span><\/p>\n<p><span>O v\u00eddeo ser\u00e1 composto de fotos dos dois \u00faltimos meses de turn\u00ea da banda com a faixa b\u00f4nus<strong> &#8220;Story&#8221;.<\/strong><\/span><\/p>\n<p><span>Visite o\u00a0<a title=\"maroon5.com\" href=\"http:\/\/www.maroon5.com\" target=\"_blank\">maroon5.com\u00a0<\/a>ou <a title=\"hcz.org \" href=\"www.hcz.org\/\" target=\"_blank\">hcz.org <\/a>para mais informa\u00e7\u00f5es. Mais um v\u00eddeo em breve&#8230;<\/span><\/p>\n<p><span>\u00a0<\/span><br \/>\n<object classid=\"clsid:d27cdb6e-ae6d-11cf-96b8-444553540000\" width=\"560\" height=\"340\" codebase=\"http:\/\/download.macromedia.com\/pub\/shockwave\/cabs\/flash\/swflash.cab#version=6,0,40,0\"><param name=\"allowFullScreen\" value=\"true\" \/><param name=\"allowscriptaccess\" value=\"always\" \/><param name=\"src\" value=\"http:\/\/www.youtube.com\/v\/0D5R2Io9rG4&amp;hl=pt-br&amp;fs=1&amp;\" \/><param name=\"allowfullscreen\" value=\"true\" \/><embed type=\"application\/x-shockwave-flash\" width=\"560\" height=\"340\" src=\"http:\/\/www.youtube.com\/v\/0D5R2Io9rG4&amp;hl=pt-br&amp;fs=1&amp;\" allowfullscreen=\"true\" allowscriptaccess=\"always\"><\/embed><\/object><\/p>\n<p><strong>Fonte:<\/strong> <a title=\"Maroon 5\" href=\"http:\/\/www.maroon5.com\" target=\"_blank\">Maroon 5<\/a><\/p>\n","protected":false},"excerpt":{"rendered":"<p>Jesse\u00a0e James reservam um tempinho para nos anunciar um v\u00eddeo que ser\u00e1 feito exclusivamente para criar conscientiza\u00e7\u00e3o para o Harlem Children&#8217;s Zone (Zona das Crian\u00e7as de Harlem). O v\u00eddeo ser\u00e1 composto de fotos dos dois \u00faltimos meses de turn\u00ea da banda com a faixa b\u00f4nus &#8220;Story&#8221;. Visite o\u00a0maroon5.com\u00a0ou hcz.org para mais informa\u00e7\u00f5es. Mais um v\u00eddeo [&hellip;]<\/p>\n","protected":false},"author":1,"featured_media":0,"comment_status":"closed","ping_status":"open","sticky":false,"template":"","format":"standard","meta":{"_themeisle_gutenberg_block_has_review":false,"footnotes":""},"categories":[14,16,11,23],"tags":[],"class_list":["post-4800","post","type-post","status-publish","format-standard","hentry","category-james-valentine","category-jesse-carmichael","category-noticias","category-videos"],"_links":{"self":[{"href":"https:\/\/www.maroon5br.com\/site\/wp-json\/wp\/v2\/posts\/4800","targetHints":{"allow":["GET"]}}],"collection":[{"href":"https:\/\/www.maroon5br.com\/site\/wp-json\/wp\/v2\/posts"}],"about":[{"href":"https:\/\/www.maroon5br.com\/site\/wp-json\/wp\/v2\/types\/post"}],"author":[{"embeddable":true,"href":"https:\/\/www.maroon5br.com\/site\/wp-json\/wp\/v2\/users\/1"}],"replies":[{"embeddable":true,"href":"https:\/\/www.maroon5br.com\/site\/wp-json\/wp\/v2\/comments?post=4800"}],"version-history":[{"count":4,"href":"https:\/\/www.maroon5br.com\/site\/wp-json\/wp\/v2\/posts\/4800\/revisions"}],"predecessor-version":[{"id":4803,"href":"https:\/\/www.maroon5br.com\/site\/wp-json\/wp\/v2\/posts\/4800\/revisions\/4803"}],"wp:attachment":[{"href":"https:\/\/www.maroon5br.com\/site\/wp-json\/wp\/v2\/media?parent=4800"}],"wp:term":[{"taxonomy":"category","embeddable":true,"href":"https:\/\/www.maroon5br.com\/site\/wp-json\/wp\/v2\/categories?post=4800"},{"taxonomy":"post_tag","embeddable":true,"href":"https:\/\/www.maroon5br.com\/site\/wp-json\/wp\/v2\/tags?post=4800"}],"curies":[{"name":"wp","href":"https:\/\/api.w.org\/{rel}","templated":true}]}}