{"id":6183,"date":"2010-09-19T21:34:45","date_gmt":"2010-09-20T00:34:45","guid":{"rendered":"http:\/\/www.maroon5br.com\/?p=6183"},"modified":"2010-09-19T21:34:45","modified_gmt":"2010-09-20T00:34:45","slug":"feliz-aniversario-ryan-dusick","status":"publish","type":"post","link":"https:\/\/www.maroon5br.com\/site\/2010\/09\/19\/feliz-aniversario-ryan-dusick\/","title":{"rendered":"Feliz Anivers\u00e1rio Ryan Dusick!"},"content":{"rendered":"<p style=\"text-align: center;\"><img loading=\"lazy\" decoding=\"async\" class=\"alignnone size-full wp-image-6184\" title=\"RyanDusick\" src=\"https:\/\/www.maroon5br.com\/site\/wp-content\/uploads\/2010\/09\/RyanDusick.jpg\" alt=\"\" width=\"500\" height=\"200\" srcset=\"https:\/\/www.maroon5br.com\/site\/wp-content\/uploads\/2010\/09\/RyanDusick.jpg 500w, https:\/\/www.maroon5br.com\/site\/wp-content\/uploads\/2010\/09\/RyanDusick-250x100.jpg 250w, https:\/\/www.maroon5br.com\/site\/wp-content\/uploads\/2010\/09\/RyanDusick-300x120.jpg 300w\" sizes=\"auto, (max-width: 500px) 100vw, 500px\" \/><\/p>\n<p>Uma vez Maroon 5, sempre Maroon 5! Hoje, <strong>19 de Setembro<\/strong>, \u00e9 o anivers\u00e1rio de<strong> 33 anos<\/strong> do ex-baterista do Maroon 5, <strong>Ryan Dusick<\/strong>. Amigo de inf\u00e2ncia de Adam, Jesse e Mickey, esteve no comando da bateria da banda desde a \u00e9poca do Kara&#8217;s Flowers.<\/p>\n<p>Em <strong>2006<\/strong>, por\u00e9m, Ryan se <strong>afastou<\/strong> da banda devido a s\u00e9rios <strong>problemas musculares<\/strong>, quando foi substituido por <strong>Matt Flynn<\/strong>, que j\u00e1 acompanhava a banda.<\/p>\n<p>Apesar de n\u00e3o estar mais na banda, Dusick continua por perto do Maroon 5. O m\u00fasico foi um dos respons\u00e1veis pela dire\u00e7\u00e3o musical do \u00e1lbum <strong>It Won&#8217;t Be Soon Before Long<\/strong> e at\u00e9 participou do videoclipe para o single <strong>Goodnight Goodnight<\/strong>, de 2008.<\/p>\n<p>Hoje Ryan Dusick possui uma banda cover do <strong>Black Sabbath<\/strong>, chamada<strong> Sabado Negro<\/strong>, que voc\u00ea confere no myspace oficial do grupo clicando <a href=\"http:\/\/www.myspace.com\/sabadonegro\"><strong>AQUI<\/strong><\/a>.<\/p>\n<p>Feliz Anivers\u00e1rio Ryan!<\/p>\n<p style=\"text-align: center;\">httpv:\/\/www.youtube.com\/watch?v=Hme1m9eR-yQ<\/p>\n","protected":false},"excerpt":{"rendered":"<p>Uma vez Maroon 5, sempre Maroon 5! Hoje, 19 de Setembro, \u00e9 o anivers\u00e1rio de 33 anos do ex-baterista do Maroon 5, Ryan Dusick. Amigo de inf\u00e2ncia de Adam, Jesse e Mickey, esteve no comando da bateria da banda desde a \u00e9poca do Kara&#8217;s Flowers. Em 2006, por\u00e9m, Ryan se afastou da banda devido a [&hellip;]<\/p>\n","protected":false},"author":1,"featured_media":0,"comment_status":"open","ping_status":"open","sticky":false,"template":"","format":"standard","meta":{"_themeisle_gutenberg_block_has_review":false,"footnotes":""},"categories":[11,23],"tags":[],"class_list":["post-6183","post","type-post","status-publish","format-standard","hentry","category-noticias","category-videos"],"_links":{"self":[{"href":"https:\/\/www.maroon5br.com\/site\/wp-json\/wp\/v2\/posts\/6183","targetHints":{"allow":["GET"]}}],"collection":[{"href":"https:\/\/www.maroon5br.com\/site\/wp-json\/wp\/v2\/posts"}],"about":[{"href":"https:\/\/www.maroon5br.com\/site\/wp-json\/wp\/v2\/types\/post"}],"author":[{"embeddable":true,"href":"https:\/\/www.maroon5br.com\/site\/wp-json\/wp\/v2\/users\/1"}],"replies":[{"embeddable":true,"href":"https:\/\/www.maroon5br.com\/site\/wp-json\/wp\/v2\/comments?post=6183"}],"version-history":[{"count":2,"href":"https:\/\/www.maroon5br.com\/site\/wp-json\/wp\/v2\/posts\/6183\/revisions"}],"predecessor-version":[{"id":6186,"href":"https:\/\/www.maroon5br.com\/site\/wp-json\/wp\/v2\/posts\/6183\/revisions\/6186"}],"wp:attachment":[{"href":"https:\/\/www.maroon5br.com\/site\/wp-json\/wp\/v2\/media?parent=6183"}],"wp:term":[{"taxonomy":"category","embeddable":true,"href":"https:\/\/www.maroon5br.com\/site\/wp-json\/wp\/v2\/categories?post=6183"},{"taxonomy":"post_tag","embeddable":true,"href":"https:\/\/www.maroon5br.com\/site\/wp-json\/wp\/v2\/tags?post=6183"}],"curies":[{"name":"wp","href":"https:\/\/api.w.org\/{rel}","templated":true}]}}